{"id":1003,"date":"2019-01-12T21:19:11","date_gmt":"2019-01-12T20:19:11","guid":{"rendered":"http:\/\/feuerwehr-delkenheim.de\/?p=1003"},"modified":"2019-02-06T16:15:57","modified_gmt":"2019-02-06T15:15:57","slug":"tannenbaumsammlung-2019","status":"publish","type":"post","link":"https:\/\/feuerwehr-delkenheim.de\/?p=1003","title":{"rendered":"Tannenbaumsammlung"},"content":{"rendered":"\n<div class=\"wp-block-image\"><figure class=\"alignleft is-resized\"><a href=\"https:\/\/feuerwehr-delkenheim.de\/wp-content\/uploads\/2019\/01\/IMG_4293-e1547323896495.jpg\"><img loading=\"lazy\" decoding=\"async\" src=\"https:\/\/feuerwehr-delkenheim.de\/wp-content\/uploads\/2019\/01\/IMG_4293-e1547323896495-1024x687.jpg\" alt=\"\" class=\"wp-image-1001\" width=\"256\" height=\"172\" srcset=\"https:\/\/feuerwehr-delkenheim.de\/wp-content\/uploads\/2019\/01\/IMG_4293-e1547323896495-1024x687.jpg 1024w, https:\/\/feuerwehr-delkenheim.de\/wp-content\/uploads\/2019\/01\/IMG_4293-e1547323896495-300x201.jpg 300w, https:\/\/feuerwehr-delkenheim.de\/wp-content\/uploads\/2019\/01\/IMG_4293-e1547323896495-768x515.jpg 768w, https:\/\/feuerwehr-delkenheim.de\/wp-content\/uploads\/2019\/01\/IMG_4293-e1547323896495-447x300.jpg 447w, https:\/\/feuerwehr-delkenheim.de\/wp-content\/uploads\/2019\/01\/IMG_4293-e1547323896495.jpg 1043w\" sizes=\"auto, (max-width: 256px) 100vw, 256px\" \/><\/a><\/figure><\/div>\n\n\n\n<p>Am Samstag, den 12. Januar 2019 sammelte die Jugendfeuerwehr Wiesbaden-Delkenheim wieder mit tatkr\u00e4ftiger Unterst\u00fctzung der Einsatzabteilung die ausgedienten Tannenb\u00e4ume der Delkenheimer B\u00fcrger ein. Nachdem im vergangenen Jahr der Termin genau auf den 6. Januar fiel und die Menge der B\u00e4ume merklich weniger war, konnte in diesem Jahr der Termin wieder wie gewohnt auf den 1. Samstag nach den Heiligen drei K\u00f6nigen gelegt werden. Dies wirkte sich auch positiv auf die Menge der B\u00e4ume und die zahlreichen Spenden an die Jugendfeuerwehr aus, f\u00fcr dir wir uns an dieser Stelle nochmals recht herzlich bedanken. Weiterer Dank gilt hierbei den Firmen Metzgerei Brauer und B\u00e4ckerei Preis f\u00fcr die Spenden der Verpflegung und Markus B\u00fccher f\u00fcr das Bereitstellen von Traktoren und Rollen. Nach dem Start um 9 Uhr konnten wir mit zwei Teams binnen 3 Stunden das gesamte Ort abarbeiten und trafen uns dann kurz nach 12 zum gemeinsamen Essen von Fleischwurst und Br\u00f6tchen im Feuerwehrger\u00e4tehaus.<\/p>\n","protected":false},"excerpt":{"rendered":"<p>Am Samstag, den 12. Januar 2019 sammelte die Jugendfeuerwehr Wiesbaden-Delkenheim wieder mit tatkr\u00e4ftiger Unterst\u00fctzung der Einsatzabteilung die ausgedienten Tannenb\u00e4ume der Delkenheimer B\u00fcrger ein. Nachdem im vergangenen Jahr der Termin genau auf den 6. Januar fiel und die Menge der B\u00e4ume &hellip; <a href=\"https:\/\/feuerwehr-delkenheim.de\/?p=1003\">Weiterlesen <span class=\"meta-nav\">&rarr;<\/span><\/a><\/p>\n","protected":false},"author":1,"featured_media":0,"comment_status":"closed","ping_status":"closed","sticky":false,"template":"","format":"standard","meta":{"jetpack_post_was_ever_published":false,"_jetpack_newsletter_access":"","_jetpack_dont_email_post_to_subs":false,"_jetpack_newsletter_tier_id":0,"_jetpack_memberships_contains_paywalled_content":false,"_jetpack_memberships_contains_paid_content":false,"footnotes":""},"categories":[4],"tags":[7],"class_list":["post-1003","post","type-post","status-publish","format-standard","hentry","category-jugendfeuerwehr","tag-tannenbaumsammlung"],"jetpack_featured_media_url":"","jetpack_sharing_enabled":true,"_links":{"self":[{"href":"https:\/\/feuerwehr-delkenheim.de\/index.php?rest_route=\/wp\/v2\/posts\/1003","targetHints":{"allow":["GET"]}}],"collection":[{"href":"https:\/\/feuerwehr-delkenheim.de\/index.php?rest_route=\/wp\/v2\/posts"}],"about":[{"href":"https:\/\/feuerwehr-delkenheim.de\/index.php?rest_route=\/wp\/v2\/types\/post"}],"author":[{"embeddable":true,"href":"https:\/\/feuerwehr-delkenheim.de\/index.php?rest_route=\/wp\/v2\/users\/1"}],"replies":[{"embeddable":true,"href":"https:\/\/feuerwehr-delkenheim.de\/index.php?rest_route=%2Fwp%2Fv2%2Fcomments&post=1003"}],"version-history":[{"count":4,"href":"https:\/\/feuerwehr-delkenheim.de\/index.php?rest_route=\/wp\/v2\/posts\/1003\/revisions"}],"predecessor-version":[{"id":1033,"href":"https:\/\/feuerwehr-delkenheim.de\/index.php?rest_route=\/wp\/v2\/posts\/1003\/revisions\/1033"}],"wp:attachment":[{"href":"https:\/\/feuerwehr-delkenheim.de\/index.php?rest_route=%2Fwp%2Fv2%2Fmedia&parent=1003"}],"wp:term":[{"taxonomy":"category","embeddable":true,"href":"https:\/\/feuerwehr-delkenheim.de\/index.php?rest_route=%2Fwp%2Fv2%2Fcategories&post=1003"},{"taxonomy":"post_tag","embeddable":true,"href":"https:\/\/feuerwehr-delkenheim.de\/index.php?rest_route=%2Fwp%2Fv2%2Ftags&post=1003"}],"curies":[{"name":"wp","href":"https:\/\/api.w.org\/{rel}","templated":true}]}}