{"id":1024,"date":"2019-01-16T20:00:57","date_gmt":"2019-01-16T19:00:57","guid":{"rendered":"http:\/\/feuerwehr-delkenheim.de\/?p=1024"},"modified":"2019-02-06T16:00:58","modified_gmt":"2019-02-06T15:00:58","slug":"kabelbrand","status":"publish","type":"post","link":"https:\/\/feuerwehr-delkenheim.de\/?p=1024","title":{"rendered":"Kabelbrand"},"content":{"rendered":"\n<p>Zu einem angeblichen Dachstuhlbrand in Delkenheim wurden wir kurz nach 14 Uhr alarmiert. Da wir tags\u00fcber unter der Woche oft sehr personalschwach sind, konnten wir die vorgefundene Lage weder eigenst\u00e4ndig, noch in Zusammenarbeit mit unseren Kameraden aus Nordenstadt bearbeiten. Es war aber ersichtlich, dass es sich nicht um einen Dachstuhlbrand handelte, sondern aus dem Keller heraus verschmort riechend rauchte.<\/p>\n\n\n\n<p>Nur durch das sp\u00e4tere Eintreffen der Berufsfeuerwehr konnte die Lage genauer untersucht werden. Es stellte sich heraus, dass nach Arbeiten von ESWE Netz an den Dacheinspeisungen der umliegenden H\u00e4user, die Hauptleitung in einem der H\u00e4user so hei\u00df wurde, dass sie brannte. Da ESWE Netz noch vor Ort war, war der Strom bereits beim Eintreffen der ersten Kr\u00e4fte wieder abgestellt. Damit hat sich der Brand auch wieder von selbst erstickt. Die Feuerwehr f\u00fchrte noch Bel\u00fcftungsma\u00dfnahmen durch, um den Brandrauch aus dem Haus heraus zu blasen. Durch die nicht mehr intakte Stromversorgung blieb das Haus f\u00fcr einige Tage unbewohnbar.<\/p>\n\n\n\n<p>Einige Tage sp\u00e4ter gab es dann Pressemeldungen zu lesen, dass nach dem Brand das Trinkwasser der umliegenden H\u00e4user verschmort roch und einen merkw\u00fcrdigen Beigeschmack hat. Die Versorgungsbetriebe beschlossen daraufhin, das gesamte Leitungsnetz in dem Abschnitt umgehend auszutauschen.<\/p>\n\n\n\n<p>Einen Artikel dazu findet man auch im <a href=\"https:\/\/www.wiesbadener-kurier.de\/lokales\/wiesbaden\/stadtteile-wiesbaden\/delkenheim\/delkenheim-in-der-allgauer-strasse-wird-das-wassernetz-erneuert_19930385\">Wiesbadener Kurier<\/a><\/p>\n","protected":false},"excerpt":{"rendered":"<p>Zu einem angeblichen Dachstuhlbrand in Delkenheim wurden wir kurz nach 14 Uhr alarmiert. Da wir tags\u00fcber unter der Woche oft sehr personalschwach sind, konnten wir die vorgefundene Lage weder eigenst\u00e4ndig, noch in Zusammenarbeit mit unseren Kameraden aus Nordenstadt bearbeiten. Es &hellip; <a href=\"https:\/\/feuerwehr-delkenheim.de\/?p=1024\">Weiterlesen <span class=\"meta-nav\">&rarr;<\/span><\/a><\/p>\n","protected":false},"author":1,"featured_media":0,"comment_status":"closed","ping_status":"closed","sticky":false,"template":"","format":"standard","meta":{"jetpack_post_was_ever_published":false,"_jetpack_newsletter_access":"","_jetpack_dont_email_post_to_subs":false,"_jetpack_newsletter_tier_id":0,"_jetpack_memberships_contains_paywalled_content":false,"_jetpack_memberships_contains_paid_content":false,"footnotes":""},"categories":[3],"tags":[42,50,81],"class_list":["post-1024","post","type-post","status-publish","format-standard","hentry","category-einsatzabteilung","tag-brand","tag-einsatz","tag-kabelbrand"],"jetpack_featured_media_url":"","jetpack_sharing_enabled":true,"_links":{"self":[{"href":"https:\/\/feuerwehr-delkenheim.de\/index.php?rest_route=\/wp\/v2\/posts\/1024","targetHints":{"allow":["GET"]}}],"collection":[{"href":"https:\/\/feuerwehr-delkenheim.de\/index.php?rest_route=\/wp\/v2\/posts"}],"about":[{"href":"https:\/\/feuerwehr-delkenheim.de\/index.php?rest_route=\/wp\/v2\/types\/post"}],"author":[{"embeddable":true,"href":"https:\/\/feuerwehr-delkenheim.de\/index.php?rest_route=\/wp\/v2\/users\/1"}],"replies":[{"embeddable":true,"href":"https:\/\/feuerwehr-delkenheim.de\/index.php?rest_route=%2Fwp%2Fv2%2Fcomments&post=1024"}],"version-history":[{"count":2,"href":"https:\/\/feuerwehr-delkenheim.de\/index.php?rest_route=\/wp\/v2\/posts\/1024\/revisions"}],"predecessor-version":[{"id":1029,"href":"https:\/\/feuerwehr-delkenheim.de\/index.php?rest_route=\/wp\/v2\/posts\/1024\/revisions\/1029"}],"wp:attachment":[{"href":"https:\/\/feuerwehr-delkenheim.de\/index.php?rest_route=%2Fwp%2Fv2%2Fmedia&parent=1024"}],"wp:term":[{"taxonomy":"category","embeddable":true,"href":"https:\/\/feuerwehr-delkenheim.de\/index.php?rest_route=%2Fwp%2Fv2%2Fcategories&post=1024"},{"taxonomy":"post_tag","embeddable":true,"href":"https:\/\/feuerwehr-delkenheim.de\/index.php?rest_route=%2Fwp%2Fv2%2Ftags&post=1024"}],"curies":[{"name":"wp","href":"https:\/\/api.w.org\/{rel}","templated":true}]}}