{"id":1026,"date":"2019-01-28T20:00:50","date_gmt":"2019-01-28T19:00:50","guid":{"rendered":"http:\/\/feuerwehr-delkenheim.de\/?p=1026"},"modified":"2019-02-06T16:32:29","modified_gmt":"2019-02-06T15:32:29","slug":"verkehrsunfall-auf-der-a66","status":"publish","type":"post","link":"https:\/\/feuerwehr-delkenheim.de\/?p=1026","title":{"rendered":"Verkehrsunfall auf der A66"},"content":{"rendered":"\n<p>Ab Montag Abend gegen 17:30 wurden wir auf die Autobahn 66 in Richtung Erbenheim gerufen. Hier gab es einen Verkehrsunfall zwischen einem PKW und einem LKW, bei dem der Kraftstofftank des LKW aufgerissen wurde. Wir k\u00fcmmerten uns kurz um die Absicherung der Einsatzstelle. Da der Unfall aber nur die \u00dcberleitung zur B455 blockierte, konnte die Berufsfeuerwehr auch mit eigenen Kr\u00e4ften die Stra\u00dfe vom Kraftstoff befreien und wir einr\u00fccken.<\/p>\n\n\n\n<p>Einen Artikel dazu gibt es z.B. bei <a href=\"http:\/\/www.wiesbadenaktuell.de\/nachrichten\/news-detail-view\/article\/pkw-kollidiert-mit-lkw-auf-a66-verursacher-fluechtet.html\">Wiesbadenaktuell.de<\/a><\/p>\n","protected":false},"excerpt":{"rendered":"<p>Ab Montag Abend gegen 17:30 wurden wir auf die Autobahn 66 in Richtung Erbenheim gerufen. Hier gab es einen Verkehrsunfall zwischen einem PKW und einem LKW, bei dem der Kraftstofftank des LKW aufgerissen wurde. Wir k\u00fcmmerten uns kurz um die &hellip; <a href=\"https:\/\/feuerwehr-delkenheim.de\/?p=1026\">Weiterlesen <span class=\"meta-nav\">&rarr;<\/span><\/a><\/p>\n","protected":false},"author":1,"featured_media":0,"comment_status":"closed","ping_status":"closed","sticky":false,"template":"","format":"standard","meta":{"jetpack_post_was_ever_published":false,"_jetpack_newsletter_access":"","_jetpack_dont_email_post_to_subs":false,"_jetpack_newsletter_tier_id":0,"_jetpack_memberships_contains_paywalled_content":false,"_jetpack_memberships_contains_paid_content":false,"footnotes":""},"categories":[3],"tags":[69,50,83],"class_list":["post-1026","post","type-post","status-publish","format-standard","hentry","category-einsatzabteilung","tag-autobahn","tag-einsatz","tag-verkehrsunfall"],"jetpack_featured_media_url":"","jetpack_sharing_enabled":true,"_links":{"self":[{"href":"https:\/\/feuerwehr-delkenheim.de\/index.php?rest_route=\/wp\/v2\/posts\/1026","targetHints":{"allow":["GET"]}}],"collection":[{"href":"https:\/\/feuerwehr-delkenheim.de\/index.php?rest_route=\/wp\/v2\/posts"}],"about":[{"href":"https:\/\/feuerwehr-delkenheim.de\/index.php?rest_route=\/wp\/v2\/types\/post"}],"author":[{"embeddable":true,"href":"https:\/\/feuerwehr-delkenheim.de\/index.php?rest_route=\/wp\/v2\/users\/1"}],"replies":[{"embeddable":true,"href":"https:\/\/feuerwehr-delkenheim.de\/index.php?rest_route=%2Fwp%2Fv2%2Fcomments&post=1026"}],"version-history":[{"count":2,"href":"https:\/\/feuerwehr-delkenheim.de\/index.php?rest_route=\/wp\/v2\/posts\/1026\/revisions"}],"predecessor-version":[{"id":1028,"href":"https:\/\/feuerwehr-delkenheim.de\/index.php?rest_route=\/wp\/v2\/posts\/1026\/revisions\/1028"}],"wp:attachment":[{"href":"https:\/\/feuerwehr-delkenheim.de\/index.php?rest_route=%2Fwp%2Fv2%2Fmedia&parent=1026"}],"wp:term":[{"taxonomy":"category","embeddable":true,"href":"https:\/\/feuerwehr-delkenheim.de\/index.php?rest_route=%2Fwp%2Fv2%2Fcategories&post=1026"},{"taxonomy":"post_tag","embeddable":true,"href":"https:\/\/feuerwehr-delkenheim.de\/index.php?rest_route=%2Fwp%2Fv2%2Ftags&post=1026"}],"curies":[{"name":"wp","href":"https:\/\/api.w.org\/{rel}","templated":true}]}}