{"id":1062,"date":"2019-02-26T11:00:43","date_gmt":"2019-02-26T10:00:43","guid":{"rendered":"http:\/\/feuerwehr-delkenheim.de\/?p=1062"},"modified":"2019-02-27T20:34:01","modified_gmt":"2019-02-27T19:34:01","slug":"verkehrsunfall-a66","status":"publish","type":"post","link":"https:\/\/feuerwehr-delkenheim.de\/?p=1062","title":{"rendered":"Verkehrsunfall auf der A66"},"content":{"rendered":"\n<p>Heute wurden wir gegen 9 Uhr alarmiert zu einem Verkehrsunfall mit eingeklemmter Person auf der A66. Die Unfallstelle fand sich unter der Br\u00fccke bei der Autobahnauffahrt Nordenstadt in Richtung Wiesbaden auf der linken Spur. Wir trafen zeitgleich mit den Kameraden aus Nordenstadt und der Berufsfeuerwehr ein und sicherten die Unfallstelle umfassend ab. Wie sich herausstellte, war die Person im Unfallfahrzeug nicht eingeklemmt und so konnte die Person dem Rettungsdienst \u00fcbergeben, die Unfallstelle z\u00fcgig gre\u00e4umt und der Autobahnpolizei \u00fcberlassen werden.<\/p>\n","protected":false},"excerpt":{"rendered":"<p>Heute wurden wir gegen 9 Uhr alarmiert zu einem Verkehrsunfall mit eingeklemmter Person auf der A66. Die Unfallstelle fand sich unter der Br\u00fccke bei der Autobahnauffahrt Nordenstadt in Richtung Wiesbaden auf der linken Spur. Wir trafen zeitgleich mit den Kameraden &hellip; <a href=\"https:\/\/feuerwehr-delkenheim.de\/?p=1062\">Weiterlesen <span class=\"meta-nav\">&rarr;<\/span><\/a><\/p>\n","protected":false},"author":1,"featured_media":0,"comment_status":"closed","ping_status":"closed","sticky":false,"template":"","format":"standard","meta":{"jetpack_post_was_ever_published":false,"_jetpack_newsletter_access":"","_jetpack_dont_email_post_to_subs":false,"_jetpack_newsletter_tier_id":0,"_jetpack_memberships_contains_paywalled_content":false,"_jetpack_memberships_contains_paid_content":false,"footnotes":""},"categories":[3],"tags":[50,83],"class_list":["post-1062","post","type-post","status-publish","format-standard","hentry","category-einsatzabteilung","tag-einsatz","tag-verkehrsunfall"],"jetpack_featured_media_url":"","jetpack_sharing_enabled":true,"_links":{"self":[{"href":"https:\/\/feuerwehr-delkenheim.de\/index.php?rest_route=\/wp\/v2\/posts\/1062","targetHints":{"allow":["GET"]}}],"collection":[{"href":"https:\/\/feuerwehr-delkenheim.de\/index.php?rest_route=\/wp\/v2\/posts"}],"about":[{"href":"https:\/\/feuerwehr-delkenheim.de\/index.php?rest_route=\/wp\/v2\/types\/post"}],"author":[{"embeddable":true,"href":"https:\/\/feuerwehr-delkenheim.de\/index.php?rest_route=\/wp\/v2\/users\/1"}],"replies":[{"embeddable":true,"href":"https:\/\/feuerwehr-delkenheim.de\/index.php?rest_route=%2Fwp%2Fv2%2Fcomments&post=1062"}],"version-history":[{"count":3,"href":"https:\/\/feuerwehr-delkenheim.de\/index.php?rest_route=\/wp\/v2\/posts\/1062\/revisions"}],"predecessor-version":[{"id":1065,"href":"https:\/\/feuerwehr-delkenheim.de\/index.php?rest_route=\/wp\/v2\/posts\/1062\/revisions\/1065"}],"wp:attachment":[{"href":"https:\/\/feuerwehr-delkenheim.de\/index.php?rest_route=%2Fwp%2Fv2%2Fmedia&parent=1062"}],"wp:term":[{"taxonomy":"category","embeddable":true,"href":"https:\/\/feuerwehr-delkenheim.de\/index.php?rest_route=%2Fwp%2Fv2%2Fcategories&post=1062"},{"taxonomy":"post_tag","embeddable":true,"href":"https:\/\/feuerwehr-delkenheim.de\/index.php?rest_route=%2Fwp%2Fv2%2Ftags&post=1062"}],"curies":[{"name":"wp","href":"https:\/\/api.w.org\/{rel}","templated":true}]}}