{"id":1093,"date":"2019-04-26T17:00:31","date_gmt":"2019-04-26T16:00:31","guid":{"rendered":"http:\/\/feuerwehr-delkenheim.de\/?p=1093"},"modified":"2019-04-29T14:50:57","modified_gmt":"2019-04-29T13:50:57","slug":"brandschutzerziehung-fuer-die-kindergaerten","status":"publish","type":"post","link":"https:\/\/feuerwehr-delkenheim.de\/?p=1093","title":{"rendered":"Brandschutzerziehung f\u00fcr die Kinderg\u00e4rten"},"content":{"rendered":"<p><img loading=\"lazy\" decoding=\"async\" class=\"size-medium wp-image-1092 alignright\" src=\"https:\/\/feuerwehr-delkenheim.de\/wp-content\/uploads\/2019\/04\/20190426_104910.jpg\" width=\"300\" height=\"225\" title=\"Brandschutzerziehung\" data-temp-aztec-id=\"84d76934-211f-4f97-aa0d-274447c9b76b\" srcset=\"https:\/\/feuerwehr-delkenheim.de\/wp-content\/uploads\/2019\/04\/20190426_104910.jpg 4032w, https:\/\/feuerwehr-delkenheim.de\/wp-content\/uploads\/2019\/04\/20190426_104910-300x225.jpg 300w, https:\/\/feuerwehr-delkenheim.de\/wp-content\/uploads\/2019\/04\/20190426_104910-768x576.jpg 768w, https:\/\/feuerwehr-delkenheim.de\/wp-content\/uploads\/2019\/04\/20190426_104910-1024x768.jpg 1024w, https:\/\/feuerwehr-delkenheim.de\/wp-content\/uploads\/2019\/04\/20190426_104910-400x300.jpg 400w\" sizes=\"auto, (max-width: 300px) 100vw, 300px\" \/><\/p>\n<p>Am Freitag, den 26. April, kamen insgesamt drei Gruppen der Kinderg\u00e4rten M\u00fcnchener Stra\u00dfe und Eifelstra\u00dfe f\u00fcr jeweils zwei Stunden zu uns in das Feuerwehrhaus, wo stellv. Wehrf\u00fchrer Alexander Reu\u00df den Kindern den Notruf erkl\u00e4rte, das Verhalten im Brandfall, die Kleidung und Ausr\u00fcstung eines Feuerwehrmannes unter Atemschutz, sowie die unterschiedliche Gef\u00e4hrlichkeit brennbarer Stoffe. Auch das L\u00f6schen an unserer Spritzwand durfte nat\u00fcrlich nicht fehlen. Zum Abschluss gab es noch f\u00fcr jedes Kind ein Malbuch zum Thema.<\/p>\n","protected":false},"excerpt":{"rendered":"<p>Am Freitag, den 26. April, kamen insgesamt drei Gruppen der Kinderg\u00e4rten M\u00fcnchener Stra\u00dfe und Eifelstra\u00dfe f\u00fcr jeweils zwei Stunden zu uns in das Feuerwehrhaus, wo stellv. Wehrf\u00fchrer Alexander Reu\u00df den Kindern den Notruf erkl\u00e4rte, das Verhalten im Brandfall, die Kleidung &hellip; <a href=\"https:\/\/feuerwehr-delkenheim.de\/?p=1093\">Weiterlesen <span class=\"meta-nav\">&rarr;<\/span><\/a><\/p>\n","protected":false},"author":1,"featured_media":0,"comment_status":"open","ping_status":"closed","sticky":false,"template":"","format":"standard","meta":{"jetpack_post_was_ever_published":false,"_jetpack_newsletter_access":"","_jetpack_dont_email_post_to_subs":false,"_jetpack_newsletter_tier_id":0,"_jetpack_memberships_contains_paywalled_content":false,"_jetpack_memberships_contains_paid_content":false,"footnotes":""},"categories":[2],"tags":[17],"class_list":["post-1093","post","type-post","status-publish","format-standard","hentry","category-allgemein","tag-brandschutzerziehung"],"jetpack_featured_media_url":"","jetpack_sharing_enabled":true,"_links":{"self":[{"href":"https:\/\/feuerwehr-delkenheim.de\/index.php?rest_route=\/wp\/v2\/posts\/1093","targetHints":{"allow":["GET"]}}],"collection":[{"href":"https:\/\/feuerwehr-delkenheim.de\/index.php?rest_route=\/wp\/v2\/posts"}],"about":[{"href":"https:\/\/feuerwehr-delkenheim.de\/index.php?rest_route=\/wp\/v2\/types\/post"}],"author":[{"embeddable":true,"href":"https:\/\/feuerwehr-delkenheim.de\/index.php?rest_route=\/wp\/v2\/users\/1"}],"replies":[{"embeddable":true,"href":"https:\/\/feuerwehr-delkenheim.de\/index.php?rest_route=%2Fwp%2Fv2%2Fcomments&post=1093"}],"version-history":[{"count":3,"href":"https:\/\/feuerwehr-delkenheim.de\/index.php?rest_route=\/wp\/v2\/posts\/1093\/revisions"}],"predecessor-version":[{"id":1096,"href":"https:\/\/feuerwehr-delkenheim.de\/index.php?rest_route=\/wp\/v2\/posts\/1093\/revisions\/1096"}],"wp:attachment":[{"href":"https:\/\/feuerwehr-delkenheim.de\/index.php?rest_route=%2Fwp%2Fv2%2Fmedia&parent=1093"}],"wp:term":[{"taxonomy":"category","embeddable":true,"href":"https:\/\/feuerwehr-delkenheim.de\/index.php?rest_route=%2Fwp%2Fv2%2Fcategories&post=1093"},{"taxonomy":"post_tag","embeddable":true,"href":"https:\/\/feuerwehr-delkenheim.de\/index.php?rest_route=%2Fwp%2Fv2%2Ftags&post=1093"}],"curies":[{"name":"wp","href":"https:\/\/api.w.org\/{rel}","templated":true}]}}