{"id":1109,"date":"2019-05-02T22:30:23","date_gmt":"2019-05-02T21:30:23","guid":{"rendered":"http:\/\/feuerwehr-delkenheim.de\/?p=1109"},"modified":"2019-05-03T07:40:43","modified_gmt":"2019-05-03T06:40:43","slug":"wachbesetzung-2","status":"publish","type":"post","link":"https:\/\/feuerwehr-delkenheim.de\/?p=1109","title":{"rendered":"Wachbesetzung"},"content":{"rendered":"<p>Immer, wenn aufgrund eines gr\u00f6\u00dferen Einsatzes Wachen der Berufsfeuerwehr l\u00e4nger leer stehen w\u00fcrden, werden Freiwillige Feuerwehren zur Nachbesetzung entsandt. In diesem Monat sind wir zusammen mit Nordenstadt f\u00fcr die Wache 2 vorgesehen. So direkt am Donnerstag Abend geschehen, w\u00e4hrend in <a href=\"https:\/\/www.wiesbaden.de\/microsite\/feuerwehr\/einsaetze\/index.php?showpm=true&amp;pmurl=http%3A%2F%2Fwww.wiesbaden.de%2Fguiapplications%2Fnewsdesk%2Fpublications%2FLandeshauptstadt_Wiesbaden%2F141010100000355684.php&amp;fbclid=IwAR1Vkx6Gq-fl1u0PznjAisxluMPkbNFlu0puJOKvwGA_3eXGozIEpSXymeQ\">Igstadt ein Dachstuhl brannte<\/a>.<\/p>\n","protected":false},"excerpt":{"rendered":"<p>Immer, wenn aufgrund eines gr\u00f6\u00dferen Einsatzes Wachen der Berufsfeuerwehr l\u00e4nger leer stehen w\u00fcrden, werden Freiwillige Feuerwehren zur Nachbesetzung entsandt. In diesem Monat sind wir zusammen mit Nordenstadt f\u00fcr die Wache 2 vorgesehen. So direkt am Donnerstag Abend geschehen, w\u00e4hrend in &hellip; <a href=\"https:\/\/feuerwehr-delkenheim.de\/?p=1109\">Weiterlesen <span class=\"meta-nav\">&rarr;<\/span><\/a><\/p>\n","protected":false},"author":1,"featured_media":0,"comment_status":"open","ping_status":"closed","sticky":false,"template":"","format":"standard","meta":{"jetpack_post_was_ever_published":false,"_jetpack_newsletter_access":"","_jetpack_dont_email_post_to_subs":false,"_jetpack_newsletter_tier_id":0,"_jetpack_memberships_contains_paywalled_content":false,"_jetpack_memberships_contains_paid_content":false,"footnotes":""},"categories":[3],"tags":[72],"class_list":["post-1109","post","type-post","status-publish","format-standard","hentry","category-einsatzabteilung","tag-wachbesetzung"],"jetpack_featured_media_url":"","jetpack_sharing_enabled":true,"_links":{"self":[{"href":"https:\/\/feuerwehr-delkenheim.de\/index.php?rest_route=\/wp\/v2\/posts\/1109","targetHints":{"allow":["GET"]}}],"collection":[{"href":"https:\/\/feuerwehr-delkenheim.de\/index.php?rest_route=\/wp\/v2\/posts"}],"about":[{"href":"https:\/\/feuerwehr-delkenheim.de\/index.php?rest_route=\/wp\/v2\/types\/post"}],"author":[{"embeddable":true,"href":"https:\/\/feuerwehr-delkenheim.de\/index.php?rest_route=\/wp\/v2\/users\/1"}],"replies":[{"embeddable":true,"href":"https:\/\/feuerwehr-delkenheim.de\/index.php?rest_route=%2Fwp%2Fv2%2Fcomments&post=1109"}],"version-history":[{"count":1,"href":"https:\/\/feuerwehr-delkenheim.de\/index.php?rest_route=\/wp\/v2\/posts\/1109\/revisions"}],"predecessor-version":[{"id":1110,"href":"https:\/\/feuerwehr-delkenheim.de\/index.php?rest_route=\/wp\/v2\/posts\/1109\/revisions\/1110"}],"wp:attachment":[{"href":"https:\/\/feuerwehr-delkenheim.de\/index.php?rest_route=%2Fwp%2Fv2%2Fmedia&parent=1109"}],"wp:term":[{"taxonomy":"category","embeddable":true,"href":"https:\/\/feuerwehr-delkenheim.de\/index.php?rest_route=%2Fwp%2Fv2%2Fcategories&post=1109"},{"taxonomy":"post_tag","embeddable":true,"href":"https:\/\/feuerwehr-delkenheim.de\/index.php?rest_route=%2Fwp%2Fv2%2Ftags&post=1109"}],"curies":[{"name":"wp","href":"https:\/\/api.w.org\/{rel}","templated":true}]}}