{"id":1145,"date":"2019-06-30T17:00:01","date_gmt":"2019-06-30T16:00:01","guid":{"rendered":"http:\/\/feuerwehr-delkenheim.de\/?p=1145"},"modified":"2019-07-01T13:05:05","modified_gmt":"2019-07-01T12:05:05","slug":"brennendes-getreidefeld","status":"publish","type":"post","link":"https:\/\/feuerwehr-delkenheim.de\/?p=1145","title":{"rendered":"Brennendes Getreidefeld"},"content":{"rendered":"<p><img loading=\"lazy\" decoding=\"async\" class=\"wp-image-1143 alignnone size-full\" src=\"https:\/\/feuerwehr-delkenheim.de\/wp-content\/uploads\/2019\/07\/signal-2019-06-30-151139.jpg\" width=\"4096\" height=\"2304\" data-temp-aztec-id=\"fa45f1cc-1719-4c81-9108-75af84567889\" srcset=\"https:\/\/feuerwehr-delkenheim.de\/wp-content\/uploads\/2019\/07\/signal-2019-06-30-151139.jpg 4096w, https:\/\/feuerwehr-delkenheim.de\/wp-content\/uploads\/2019\/07\/signal-2019-06-30-151139-300x169.jpg 300w, https:\/\/feuerwehr-delkenheim.de\/wp-content\/uploads\/2019\/07\/signal-2019-06-30-151139-768x432.jpg 768w, https:\/\/feuerwehr-delkenheim.de\/wp-content\/uploads\/2019\/07\/signal-2019-06-30-151139-1024x576.jpg 1024w, https:\/\/feuerwehr-delkenheim.de\/wp-content\/uploads\/2019\/07\/signal-2019-06-30-151139-500x281.jpg 500w\" sizes=\"auto, (max-width: 4096px) 100vw, 4096px\" \/><\/p>\n<p>Sonntags Mittags bei 37\u00b0C im Schatten wurden wir zu einem brennenden Getreidefeld zwischen der Flughafenstra\u00dfe, der Dom\u00e4ne Mechthildshausen, der B455 und der A671 gerufen. Dieser Bereich geh\u00f6rt durchaus noch zur Delkenheimer Gemarkung.<\/p>\n<p><img loading=\"lazy\" decoding=\"async\" class=\"wp-image-1144 alignnone size-full\" src=\"https:\/\/feuerwehr-delkenheim.de\/wp-content\/uploads\/2019\/07\/signal-2019-06-30-151139-1.jpg\" width=\"4096\" height=\"2304\" srcset=\"https:\/\/feuerwehr-delkenheim.de\/wp-content\/uploads\/2019\/07\/signal-2019-06-30-151139-1.jpg 4096w, https:\/\/feuerwehr-delkenheim.de\/wp-content\/uploads\/2019\/07\/signal-2019-06-30-151139-1-300x169.jpg 300w, https:\/\/feuerwehr-delkenheim.de\/wp-content\/uploads\/2019\/07\/signal-2019-06-30-151139-1-768x432.jpg 768w, https:\/\/feuerwehr-delkenheim.de\/wp-content\/uploads\/2019\/07\/signal-2019-06-30-151139-1-1024x576.jpg 1024w, https:\/\/feuerwehr-delkenheim.de\/wp-content\/uploads\/2019\/07\/signal-2019-06-30-151139-1-500x281.jpg 500w\" sizes=\"auto, (max-width: 4096px) 100vw, 4096px\" \/><\/p>\n<p>Hier standen etwa 300 Quadratmeter Getreidefeld in Flammen. Unterst\u00fctzt von einem Basisl\u00f6schfahrzeug der Berufsfeuerwehr, sowie zwei Tankl\u00f6schfahrzeugen konnten binnen 2,5 Stunden alle Flammen und Glutnester abgel\u00f6scht werden, obwohl sich die Jugendfeuerwehr gerade im Zeltlager befindet .<\/p>\n","protected":false},"excerpt":{"rendered":"<p>Sonntags Mittags bei 37\u00b0C im Schatten wurden wir zu einem brennenden Getreidefeld zwischen der Flughafenstra\u00dfe, der Dom\u00e4ne Mechthildshausen, der B455 und der A671 gerufen. Dieser Bereich geh\u00f6rt durchaus noch zur Delkenheimer Gemarkung. Hier standen etwa 300 Quadratmeter Getreidefeld in Flammen. &hellip; <a href=\"https:\/\/feuerwehr-delkenheim.de\/?p=1145\">Weiterlesen <span class=\"meta-nav\">&rarr;<\/span><\/a><\/p>\n","protected":false},"author":1,"featured_media":0,"comment_status":"open","ping_status":"closed","sticky":false,"template":"","format":"standard","meta":{"jetpack_post_was_ever_published":false,"_jetpack_newsletter_access":"","_jetpack_dont_email_post_to_subs":false,"_jetpack_newsletter_tier_id":0,"_jetpack_memberships_contains_paywalled_content":false,"_jetpack_memberships_contains_paid_content":false,"footnotes":""},"categories":[3],"tags":[42,90],"class_list":["post-1145","post","type-post","status-publish","format-standard","hentry","category-einsatzabteilung","tag-brand","tag-getreidefeld"],"jetpack_featured_media_url":"","jetpack_sharing_enabled":true,"_links":{"self":[{"href":"https:\/\/feuerwehr-delkenheim.de\/index.php?rest_route=\/wp\/v2\/posts\/1145","targetHints":{"allow":["GET"]}}],"collection":[{"href":"https:\/\/feuerwehr-delkenheim.de\/index.php?rest_route=\/wp\/v2\/posts"}],"about":[{"href":"https:\/\/feuerwehr-delkenheim.de\/index.php?rest_route=\/wp\/v2\/types\/post"}],"author":[{"embeddable":true,"href":"https:\/\/feuerwehr-delkenheim.de\/index.php?rest_route=\/wp\/v2\/users\/1"}],"replies":[{"embeddable":true,"href":"https:\/\/feuerwehr-delkenheim.de\/index.php?rest_route=%2Fwp%2Fv2%2Fcomments&post=1145"}],"version-history":[{"count":3,"href":"https:\/\/feuerwehr-delkenheim.de\/index.php?rest_route=\/wp\/v2\/posts\/1145\/revisions"}],"predecessor-version":[{"id":1154,"href":"https:\/\/feuerwehr-delkenheim.de\/index.php?rest_route=\/wp\/v2\/posts\/1145\/revisions\/1154"}],"wp:attachment":[{"href":"https:\/\/feuerwehr-delkenheim.de\/index.php?rest_route=%2Fwp%2Fv2%2Fmedia&parent=1145"}],"wp:term":[{"taxonomy":"category","embeddable":true,"href":"https:\/\/feuerwehr-delkenheim.de\/index.php?rest_route=%2Fwp%2Fv2%2Fcategories&post=1145"},{"taxonomy":"post_tag","embeddable":true,"href":"https:\/\/feuerwehr-delkenheim.de\/index.php?rest_route=%2Fwp%2Fv2%2Ftags&post=1145"}],"curies":[{"name":"wp","href":"https:\/\/api.w.org\/{rel}","templated":true}]}}