{"id":1150,"date":"2019-06-30T22:00:17","date_gmt":"2019-06-30T21:00:17","guid":{"rendered":"http:\/\/feuerwehr-delkenheim.de\/?p=1150"},"modified":"2020-01-19T22:09:26","modified_gmt":"2020-01-19T20:09:26","slug":"zeltlager-tag-2-2","status":"publish","type":"post","link":"https:\/\/feuerwehr-delkenheim.de\/?p=1150","title":{"rendered":"Zeltlager Tag 2"},"content":{"rendered":"<p>Nach der ersten Nacht gab es zum Fr\u00fchst\u00fcck neben der Standartauswahl auch R\u00fchrei mit Speck. Dann fuhren wir nach Breidscheid zu einer <a href=\"https:\/\/schauh\u00f6hle-breitscheid.de\/\">Tropfsteinh\u00f6hle<\/a>, die wir bei k\u00fchlen Temperaturen dann erkl\u00e4rt und gezeigt bekamen. Zur\u00fcck auf dem Zeltplatz verbrachten wir den Rest bei ultrahei\u00dfen 38\u00b0C im See oder im Schatten. Nebenbei wurde Kartoffelsalat zubereitet, den es dann am Abend mit Steaks und W\u00fcrstchen gab.<\/p>\n\n\t\t<style type=\"text\/css\">\n\t\t\t#gallery-1 {\n\t\t\t\tmargin: auto;\n\t\t\t}\n\t\t\t#gallery-1 .gallery-item {\n\t\t\t\tfloat: left;\n\t\t\t\tmargin-top: 10px;\n\t\t\t\ttext-align: center;\n\t\t\t\twidth: 16%;\n\t\t\t}\n\t\t\t#gallery-1 img {\n\t\t\t\tborder: 2px solid #cfcfcf;\n\t\t\t}\n\t\t\t#gallery-1 .gallery-caption {\n\t\t\t\tmargin-left: 0;\n\t\t\t}\n\t\t\t\/* see gallery_shortcode() in wp-includes\/media.php *\/\n\t\t<\/style>\n\t\t<div id='gallery-1' class='gallery galleryid-1150 gallery-columns-6 gallery-size-thumbnail'><dl class='gallery-item'>\n\t\t\t<dt class='gallery-icon landscape'>\n\t\t\t\t<a href='https:\/\/feuerwehr-delkenheim.de\/?attachment_id=1142'><img loading=\"lazy\" decoding=\"async\" width=\"150\" height=\"150\" src=\"https:\/\/feuerwehr-delkenheim.de\/wp-content\/uploads\/2019\/07\/wp-1561980756835-150x150.jpg\" class=\"attachment-thumbnail size-thumbnail\" alt=\"\" \/><\/a>\n\t\t\t<\/dt><\/dl><dl class='gallery-item'>\n\t\t\t<dt class='gallery-icon landscape'>\n\t\t\t\t<a href='https:\/\/feuerwehr-delkenheim.de\/?attachment_id=1140'><img loading=\"lazy\" decoding=\"async\" width=\"150\" height=\"150\" src=\"https:\/\/feuerwehr-delkenheim.de\/wp-content\/uploads\/2019\/07\/wp-1561980729097-150x150.jpg\" class=\"attachment-thumbnail size-thumbnail\" alt=\"\" \/><\/a>\n\t\t\t<\/dt><\/dl><dl class='gallery-item'>\n\t\t\t<dt class='gallery-icon landscape'>\n\t\t\t\t<a href='https:\/\/feuerwehr-delkenheim.de\/?attachment_id=1141'><img loading=\"lazy\" decoding=\"async\" width=\"150\" height=\"150\" src=\"https:\/\/feuerwehr-delkenheim.de\/wp-content\/uploads\/2019\/07\/wp-1561980744979-150x150.jpg\" class=\"attachment-thumbnail size-thumbnail\" alt=\"\" \/><\/a>\n\t\t\t<\/dt><\/dl><dl class='gallery-item'>\n\t\t\t<dt class='gallery-icon landscape'>\n\t\t\t\t<a href='https:\/\/feuerwehr-delkenheim.de\/?attachment_id=1137'><img loading=\"lazy\" decoding=\"async\" width=\"150\" height=\"150\" src=\"https:\/\/feuerwehr-delkenheim.de\/wp-content\/uploads\/2019\/07\/wp-1561980653408-150x150.jpg\" class=\"attachment-thumbnail size-thumbnail\" alt=\"\" \/><\/a>\n\t\t\t<\/dt><\/dl><dl class='gallery-item'>\n\t\t\t<dt class='gallery-icon landscape'>\n\t\t\t\t<a href='https:\/\/feuerwehr-delkenheim.de\/?attachment_id=1138'><img loading=\"lazy\" decoding=\"async\" width=\"150\" height=\"150\" src=\"https:\/\/feuerwehr-delkenheim.de\/wp-content\/uploads\/2019\/07\/wp-1561980684236-150x150.jpg\" class=\"attachment-thumbnail size-thumbnail\" alt=\"\" \/><\/a>\n\t\t\t<\/dt><\/dl><dl class='gallery-item'>\n\t\t\t<dt class='gallery-icon landscape'>\n\t\t\t\t<a href='https:\/\/feuerwehr-delkenheim.de\/?attachment_id=1139'><img loading=\"lazy\" decoding=\"async\" width=\"150\" height=\"150\" src=\"https:\/\/feuerwehr-delkenheim.de\/wp-content\/uploads\/2019\/07\/wp-1561980701043-150x150.jpg\" class=\"attachment-thumbnail size-thumbnail\" alt=\"\" \/><\/a>\n\t\t\t<\/dt><\/dl><br style=\"clear: both\" \/>\n\t\t<\/div>\n\n","protected":false},"excerpt":{"rendered":"<p>Nach der ersten Nacht gab es zum Fr\u00fchst\u00fcck neben der Standartauswahl auch R\u00fchrei mit Speck. Dann fuhren wir nach Breidscheid zu einer Tropfsteinh\u00f6hle, die wir bei k\u00fchlen Temperaturen dann erkl\u00e4rt und gezeigt bekamen. Zur\u00fcck auf dem Zeltplatz verbrachten wir den &hellip; <a href=\"https:\/\/feuerwehr-delkenheim.de\/?p=1150\">Weiterlesen <span class=\"meta-nav\">&rarr;<\/span><\/a><\/p>\n","protected":false},"author":1,"featured_media":0,"comment_status":"open","ping_status":"closed","sticky":false,"template":"","format":"standard","meta":{"jetpack_post_was_ever_published":false,"_jetpack_newsletter_access":"","_jetpack_dont_email_post_to_subs":false,"_jetpack_newsletter_tier_id":0,"_jetpack_memberships_contains_paywalled_content":false,"_jetpack_memberships_contains_paid_content":false,"footnotes":""},"categories":[4],"tags":[97,21],"class_list":["post-1150","post","type-post","status-publish","format-standard","hentry","category-jugendfeuerwehr","tag-gedern","tag-zeltlager"],"jetpack_featured_media_url":"","jetpack_sharing_enabled":true,"_links":{"self":[{"href":"https:\/\/feuerwehr-delkenheim.de\/index.php?rest_route=\/wp\/v2\/posts\/1150","targetHints":{"allow":["GET"]}}],"collection":[{"href":"https:\/\/feuerwehr-delkenheim.de\/index.php?rest_route=\/wp\/v2\/posts"}],"about":[{"href":"https:\/\/feuerwehr-delkenheim.de\/index.php?rest_route=\/wp\/v2\/types\/post"}],"author":[{"embeddable":true,"href":"https:\/\/feuerwehr-delkenheim.de\/index.php?rest_route=\/wp\/v2\/users\/1"}],"replies":[{"embeddable":true,"href":"https:\/\/feuerwehr-delkenheim.de\/index.php?rest_route=%2Fwp%2Fv2%2Fcomments&post=1150"}],"version-history":[{"count":3,"href":"https:\/\/feuerwehr-delkenheim.de\/index.php?rest_route=\/wp\/v2\/posts\/1150\/revisions"}],"predecessor-version":[{"id":1199,"href":"https:\/\/feuerwehr-delkenheim.de\/index.php?rest_route=\/wp\/v2\/posts\/1150\/revisions\/1199"}],"wp:attachment":[{"href":"https:\/\/feuerwehr-delkenheim.de\/index.php?rest_route=%2Fwp%2Fv2%2Fmedia&parent=1150"}],"wp:term":[{"taxonomy":"category","embeddable":true,"href":"https:\/\/feuerwehr-delkenheim.de\/index.php?rest_route=%2Fwp%2Fv2%2Fcategories&post=1150"},{"taxonomy":"post_tag","embeddable":true,"href":"https:\/\/feuerwehr-delkenheim.de\/index.php?rest_route=%2Fwp%2Fv2%2Ftags&post=1150"}],"curies":[{"name":"wp","href":"https:\/\/api.w.org\/{rel}","templated":true}]}}