{"id":1165,"date":"2019-07-02T20:00:30","date_gmt":"2019-07-02T19:00:30","guid":{"rendered":"http:\/\/feuerwehr-delkenheim.de\/?p=1165"},"modified":"2020-01-19T22:09:26","modified_gmt":"2020-01-19T20:09:26","slug":"zeltlager-tag-4-2","status":"publish","type":"post","link":"https:\/\/feuerwehr-delkenheim.de\/?p=1165","title":{"rendered":"Zeltlager Tag 4"},"content":{"rendered":"<p>Heute war der Tag ohne einen Programmpunkt. Jeder konnte auf dem Gel\u00e4nde am Gederner See schwimmen, schlafen, chillen oder im Wald spielen so viel er wollte. Das Abendessen war diesmal Schnitzel vom <a href=\"https:\/\/metzgerei-lukarsch.de\/\">Metzger<\/a> mit Salzkartoffeln und Erbsengem\u00fcse. Wie jeden Tag k\u00fcmmerten sich die Jugendlichen im Wechsel um den Sp\u00fcldienst.<\/p>\n\n\t\t<style type=\"text\/css\">\n\t\t\t#gallery-1 {\n\t\t\t\tmargin: auto;\n\t\t\t}\n\t\t\t#gallery-1 .gallery-item {\n\t\t\t\tfloat: left;\n\t\t\t\tmargin-top: 10px;\n\t\t\t\ttext-align: center;\n\t\t\t\twidth: 33%;\n\t\t\t}\n\t\t\t#gallery-1 img {\n\t\t\t\tborder: 2px solid #cfcfcf;\n\t\t\t}\n\t\t\t#gallery-1 .gallery-caption {\n\t\t\t\tmargin-left: 0;\n\t\t\t}\n\t\t\t\/* see gallery_shortcode() in wp-includes\/media.php *\/\n\t\t<\/style>\n\t\t<div id='gallery-1' class='gallery galleryid-1165 gallery-columns-3 gallery-size-thumbnail'><dl class='gallery-item'>\n\t\t\t<dt class='gallery-icon landscape'>\n\t\t\t\t<a href='https:\/\/feuerwehr-delkenheim.de\/?attachment_id=1162'><img loading=\"lazy\" decoding=\"async\" width=\"150\" height=\"150\" src=\"https:\/\/feuerwehr-delkenheim.de\/wp-content\/uploads\/2019\/07\/wp-1562091743582-150x150.jpg\" class=\"attachment-thumbnail size-thumbnail\" alt=\"\" \/><\/a>\n\t\t\t<\/dt><\/dl><dl class='gallery-item'>\n\t\t\t<dt class='gallery-icon landscape'>\n\t\t\t\t<a href='https:\/\/feuerwehr-delkenheim.de\/?attachment_id=1164'><img loading=\"lazy\" decoding=\"async\" width=\"150\" height=\"150\" src=\"https:\/\/feuerwehr-delkenheim.de\/wp-content\/uploads\/2019\/07\/wp-1562091796194-150x150.jpg\" class=\"attachment-thumbnail size-thumbnail\" alt=\"\" \/><\/a>\n\t\t\t<\/dt><\/dl><dl class='gallery-item'>\n\t\t\t<dt class='gallery-icon landscape'>\n\t\t\t\t<a href='https:\/\/feuerwehr-delkenheim.de\/?attachment_id=1163'><img loading=\"lazy\" decoding=\"async\" width=\"150\" height=\"150\" src=\"https:\/\/feuerwehr-delkenheim.de\/wp-content\/uploads\/2019\/07\/wp-1562091770165-150x150.jpg\" class=\"attachment-thumbnail size-thumbnail\" alt=\"\" \/><\/a>\n\t\t\t<\/dt><\/dl><br style=\"clear: both\" \/>\n\t\t<\/div>\n\n","protected":false},"excerpt":{"rendered":"<p>Heute war der Tag ohne einen Programmpunkt. Jeder konnte auf dem Gel\u00e4nde am Gederner See schwimmen, schlafen, chillen oder im Wald spielen so viel er wollte. Das Abendessen war diesmal Schnitzel vom Metzger mit Salzkartoffeln und Erbsengem\u00fcse. Wie jeden Tag &hellip; <a href=\"https:\/\/feuerwehr-delkenheim.de\/?p=1165\">Weiterlesen <span class=\"meta-nav\">&rarr;<\/span><\/a><\/p>\n","protected":false},"author":1,"featured_media":0,"comment_status":"open","ping_status":"closed","sticky":false,"template":"","format":"standard","meta":{"jetpack_post_was_ever_published":false,"_jetpack_newsletter_access":"","_jetpack_dont_email_post_to_subs":false,"_jetpack_newsletter_tier_id":0,"_jetpack_memberships_contains_paywalled_content":false,"_jetpack_memberships_contains_paid_content":false,"footnotes":""},"categories":[4],"tags":[97,21],"class_list":["post-1165","post","type-post","status-publish","format-standard","hentry","category-jugendfeuerwehr","tag-gedern","tag-zeltlager"],"jetpack_featured_media_url":"","jetpack_sharing_enabled":true,"_links":{"self":[{"href":"https:\/\/feuerwehr-delkenheim.de\/index.php?rest_route=\/wp\/v2\/posts\/1165","targetHints":{"allow":["GET"]}}],"collection":[{"href":"https:\/\/feuerwehr-delkenheim.de\/index.php?rest_route=\/wp\/v2\/posts"}],"about":[{"href":"https:\/\/feuerwehr-delkenheim.de\/index.php?rest_route=\/wp\/v2\/types\/post"}],"author":[{"embeddable":true,"href":"https:\/\/feuerwehr-delkenheim.de\/index.php?rest_route=\/wp\/v2\/users\/1"}],"replies":[{"embeddable":true,"href":"https:\/\/feuerwehr-delkenheim.de\/index.php?rest_route=%2Fwp%2Fv2%2Fcomments&post=1165"}],"version-history":[{"count":3,"href":"https:\/\/feuerwehr-delkenheim.de\/index.php?rest_route=\/wp\/v2\/posts\/1165\/revisions"}],"predecessor-version":[{"id":1202,"href":"https:\/\/feuerwehr-delkenheim.de\/index.php?rest_route=\/wp\/v2\/posts\/1165\/revisions\/1202"}],"wp:attachment":[{"href":"https:\/\/feuerwehr-delkenheim.de\/index.php?rest_route=%2Fwp%2Fv2%2Fmedia&parent=1165"}],"wp:term":[{"taxonomy":"category","embeddable":true,"href":"https:\/\/feuerwehr-delkenheim.de\/index.php?rest_route=%2Fwp%2Fv2%2Fcategories&post=1165"},{"taxonomy":"post_tag","embeddable":true,"href":"https:\/\/feuerwehr-delkenheim.de\/index.php?rest_route=%2Fwp%2Fv2%2Ftags&post=1165"}],"curies":[{"name":"wp","href":"https:\/\/api.w.org\/{rel}","templated":true}]}}