{"id":1173,"date":"2019-07-03T20:00:33","date_gmt":"2019-07-03T19:00:33","guid":{"rendered":"http:\/\/feuerwehr-delkenheim.de\/?p=1173"},"modified":"2020-01-19T22:09:26","modified_gmt":"2020-01-19T20:09:26","slug":"zeltlager-tag-5-2","status":"publish","type":"post","link":"https:\/\/feuerwehr-delkenheim.de\/?p=1173","title":{"rendered":"Zeltlager Tag 5"},"content":{"rendered":"<p>Der Mittwoch f\u00fchrte uns nach Fulda. Hier hatten wir die <a target=\"_blank\" rel=\"noopener noreferrer\" href=\"http:\/\/www.nolimitkartbahn.de\">No-Limit-Kartbahn<\/a> 90min ganz f\u00fcr uns um nach Herzenslust Benzin im Blut zu haben.<\/p>\n<p>Ersch\u00f6pft davon durfte die Gelegenheit aber nicht fehlen, anschlie\u00dfend noch eine F\u00fchrung durch das <a href=\"http:\/\/www.dfm-fulda.de\" target=\"_blank\" rel=\"noopener noreferrer\">Deutsche Feuerwehrmuseum<\/a> zu genie\u00dfen, wenn mal schon mal in Fulda ist.<\/p>\n<p>Zum Abendessen gab es dann Riesen-Hamburger.<\/p>\n\n\t\t<style type=\"text\/css\">\n\t\t\t#gallery-1 {\n\t\t\t\tmargin: auto;\n\t\t\t}\n\t\t\t#gallery-1 .gallery-item {\n\t\t\t\tfloat: left;\n\t\t\t\tmargin-top: 10px;\n\t\t\t\ttext-align: center;\n\t\t\t\twidth: 16%;\n\t\t\t}\n\t\t\t#gallery-1 img {\n\t\t\t\tborder: 2px solid #cfcfcf;\n\t\t\t}\n\t\t\t#gallery-1 .gallery-caption {\n\t\t\t\tmargin-left: 0;\n\t\t\t}\n\t\t\t\/* see gallery_shortcode() in wp-includes\/media.php *\/\n\t\t<\/style>\n\t\t<div id='gallery-1' class='gallery galleryid-1173 gallery-columns-6 gallery-size-thumbnail'><dl class='gallery-item'>\n\t\t\t<dt class='gallery-icon landscape'>\n\t\t\t\t<a href='https:\/\/feuerwehr-delkenheim.de\/?attachment_id=1167'><img loading=\"lazy\" decoding=\"async\" width=\"150\" height=\"150\" src=\"https:\/\/feuerwehr-delkenheim.de\/wp-content\/uploads\/2019\/07\/wp-1562179776969-150x150.jpg\" class=\"attachment-thumbnail size-thumbnail\" alt=\"\" \/><\/a>\n\t\t\t<\/dt><\/dl><dl class='gallery-item'>\n\t\t\t<dt class='gallery-icon landscape'>\n\t\t\t\t<a href='https:\/\/feuerwehr-delkenheim.de\/?attachment_id=1168'><img loading=\"lazy\" decoding=\"async\" width=\"150\" height=\"150\" src=\"https:\/\/feuerwehr-delkenheim.de\/wp-content\/uploads\/2019\/07\/wp-1562179801663-150x150.jpg\" class=\"attachment-thumbnail size-thumbnail\" alt=\"\" \/><\/a>\n\t\t\t<\/dt><\/dl><dl class='gallery-item'>\n\t\t\t<dt class='gallery-icon landscape'>\n\t\t\t\t<a href='https:\/\/feuerwehr-delkenheim.de\/?attachment_id=1169'><img loading=\"lazy\" decoding=\"async\" width=\"150\" height=\"150\" src=\"https:\/\/feuerwehr-delkenheim.de\/wp-content\/uploads\/2019\/07\/wp-1562179818816-150x150.jpg\" class=\"attachment-thumbnail size-thumbnail\" alt=\"\" \/><\/a>\n\t\t\t<\/dt><\/dl><dl class='gallery-item'>\n\t\t\t<dt class='gallery-icon landscape'>\n\t\t\t\t<a href='https:\/\/feuerwehr-delkenheim.de\/?attachment_id=1170'><img loading=\"lazy\" decoding=\"async\" width=\"150\" height=\"150\" src=\"https:\/\/feuerwehr-delkenheim.de\/wp-content\/uploads\/2019\/07\/wp-1562179837497-150x150.jpg\" class=\"attachment-thumbnail size-thumbnail\" alt=\"\" \/><\/a>\n\t\t\t<\/dt><\/dl><dl class='gallery-item'>\n\t\t\t<dt class='gallery-icon landscape'>\n\t\t\t\t<a href='https:\/\/feuerwehr-delkenheim.de\/?attachment_id=1171'><img loading=\"lazy\" decoding=\"async\" width=\"150\" height=\"150\" src=\"https:\/\/feuerwehr-delkenheim.de\/wp-content\/uploads\/2019\/07\/wp-1562179856419-150x150.jpg\" class=\"attachment-thumbnail size-thumbnail\" alt=\"\" \/><\/a>\n\t\t\t<\/dt><\/dl><dl class='gallery-item'>\n\t\t\t<dt class='gallery-icon landscape'>\n\t\t\t\t<a href='https:\/\/feuerwehr-delkenheim.de\/?attachment_id=1172'><img loading=\"lazy\" decoding=\"async\" width=\"150\" height=\"150\" src=\"https:\/\/feuerwehr-delkenheim.de\/wp-content\/uploads\/2019\/07\/wp-1562179905144-150x150.jpg\" class=\"attachment-thumbnail size-thumbnail\" alt=\"\" \/><\/a>\n\t\t\t<\/dt><\/dl><br style=\"clear: both\" \/>\n\t\t<\/div>\n\n","protected":false},"excerpt":{"rendered":"<p>Der Mittwoch f\u00fchrte uns nach Fulda. Hier hatten wir die No-Limit-Kartbahn 90min ganz f\u00fcr uns um nach Herzenslust Benzin im Blut zu haben. Ersch\u00f6pft davon durfte die Gelegenheit aber nicht fehlen, anschlie\u00dfend noch eine F\u00fchrung durch das Deutsche Feuerwehrmuseum zu &hellip; <a href=\"https:\/\/feuerwehr-delkenheim.de\/?p=1173\">Weiterlesen <span class=\"meta-nav\">&rarr;<\/span><\/a><\/p>\n","protected":false},"author":1,"featured_media":0,"comment_status":"open","ping_status":"closed","sticky":false,"template":"","format":"standard","meta":{"jetpack_post_was_ever_published":false,"_jetpack_newsletter_access":"","_jetpack_dont_email_post_to_subs":false,"_jetpack_newsletter_tier_id":0,"_jetpack_memberships_contains_paywalled_content":false,"_jetpack_memberships_contains_paid_content":false,"footnotes":""},"categories":[4],"tags":[97,21],"class_list":["post-1173","post","type-post","status-publish","format-standard","hentry","category-jugendfeuerwehr","tag-gedern","tag-zeltlager"],"jetpack_featured_media_url":"","jetpack_sharing_enabled":true,"_links":{"self":[{"href":"https:\/\/feuerwehr-delkenheim.de\/index.php?rest_route=\/wp\/v2\/posts\/1173","targetHints":{"allow":["GET"]}}],"collection":[{"href":"https:\/\/feuerwehr-delkenheim.de\/index.php?rest_route=\/wp\/v2\/posts"}],"about":[{"href":"https:\/\/feuerwehr-delkenheim.de\/index.php?rest_route=\/wp\/v2\/types\/post"}],"author":[{"embeddable":true,"href":"https:\/\/feuerwehr-delkenheim.de\/index.php?rest_route=\/wp\/v2\/users\/1"}],"replies":[{"embeddable":true,"href":"https:\/\/feuerwehr-delkenheim.de\/index.php?rest_route=%2Fwp%2Fv2%2Fcomments&post=1173"}],"version-history":[{"count":2,"href":"https:\/\/feuerwehr-delkenheim.de\/index.php?rest_route=\/wp\/v2\/posts\/1173\/revisions"}],"predecessor-version":[{"id":1175,"href":"https:\/\/feuerwehr-delkenheim.de\/index.php?rest_route=\/wp\/v2\/posts\/1173\/revisions\/1175"}],"wp:attachment":[{"href":"https:\/\/feuerwehr-delkenheim.de\/index.php?rest_route=%2Fwp%2Fv2%2Fmedia&parent=1173"}],"wp:term":[{"taxonomy":"category","embeddable":true,"href":"https:\/\/feuerwehr-delkenheim.de\/index.php?rest_route=%2Fwp%2Fv2%2Fcategories&post=1173"},{"taxonomy":"post_tag","embeddable":true,"href":"https:\/\/feuerwehr-delkenheim.de\/index.php?rest_route=%2Fwp%2Fv2%2Ftags&post=1173"}],"curies":[{"name":"wp","href":"https:\/\/api.w.org\/{rel}","templated":true}]}}