{"id":1220,"date":"2019-07-12T18:00:29","date_gmt":"2019-07-12T17:00:29","guid":{"rendered":"http:\/\/feuerwehr-delkenheim.de\/?p=1220"},"modified":"2019-09-01T18:52:10","modified_gmt":"2019-09-01T17:52:10","slug":"regenwetter-sorgt-fuer-wasser","status":"publish","type":"post","link":"https:\/\/feuerwehr-delkenheim.de\/?p=1220","title":{"rendered":"Regenwetter sorgt f\u00fcr Wasser"},"content":{"rendered":"\n<p>Am Freitag, 12. Juli regnete es nach einer langen Trockenphase mal wieder \u00fcber eine Stunde lang ergiebig. In Nordenstadt offenbar deutlich mehr als in Delkenheim. So wurde die Berufsfeuerwehr in einem gro\u00dfen Einkaufsmarkt in Nordenstadt t\u00e4tig, gro\u00dffl\u00e4chig eingedrungenes Wasser abzusaugen. Da die nordenstadter Feuerwehr bereits an mehreren weiteren Einsatzstellen wegen Wassersch\u00e4den t\u00e4tig war, im Einkaufsmarkt aber noch mehr Kr\u00e4fte erforderlich waren, wurden wir dorthin gerufen. Das Ausma\u00df hielt sich allerdings dann doch in Grenzen. Nach etwas mehr als einer Stunde konnten wir schon wieder abr\u00fccken und mussten dann nirgendwo noch weiter t\u00e4tig werden.<\/p>\n","protected":false},"excerpt":{"rendered":"<p>Am Freitag, 12. Juli regnete es nach einer langen Trockenphase mal wieder \u00fcber eine Stunde lang ergiebig. In Nordenstadt offenbar deutlich mehr als in Delkenheim. So wurde die Berufsfeuerwehr in einem gro\u00dfen Einkaufsmarkt in Nordenstadt t\u00e4tig, gro\u00dffl\u00e4chig eingedrungenes Wasser abzusaugen. &hellip; <a href=\"https:\/\/feuerwehr-delkenheim.de\/?p=1220\">Weiterlesen <span class=\"meta-nav\">&rarr;<\/span><\/a><\/p>\n","protected":false},"author":1,"featured_media":0,"comment_status":"closed","ping_status":"closed","sticky":false,"template":"","format":"standard","meta":{"jetpack_post_was_ever_published":false,"_jetpack_newsletter_access":"","_jetpack_dont_email_post_to_subs":false,"_jetpack_newsletter_tier_id":0,"_jetpack_memberships_contains_paywalled_content":false,"_jetpack_memberships_contains_paid_content":false,"footnotes":""},"categories":[3],"tags":[50,49],"class_list":["post-1220","post","type-post","status-publish","format-standard","hentry","category-einsatzabteilung","tag-einsatz","tag-unwetter"],"jetpack_featured_media_url":"","jetpack_sharing_enabled":true,"_links":{"self":[{"href":"https:\/\/feuerwehr-delkenheim.de\/index.php?rest_route=\/wp\/v2\/posts\/1220","targetHints":{"allow":["GET"]}}],"collection":[{"href":"https:\/\/feuerwehr-delkenheim.de\/index.php?rest_route=\/wp\/v2\/posts"}],"about":[{"href":"https:\/\/feuerwehr-delkenheim.de\/index.php?rest_route=\/wp\/v2\/types\/post"}],"author":[{"embeddable":true,"href":"https:\/\/feuerwehr-delkenheim.de\/index.php?rest_route=\/wp\/v2\/users\/1"}],"replies":[{"embeddable":true,"href":"https:\/\/feuerwehr-delkenheim.de\/index.php?rest_route=%2Fwp%2Fv2%2Fcomments&post=1220"}],"version-history":[{"count":1,"href":"https:\/\/feuerwehr-delkenheim.de\/index.php?rest_route=\/wp\/v2\/posts\/1220\/revisions"}],"predecessor-version":[{"id":1221,"href":"https:\/\/feuerwehr-delkenheim.de\/index.php?rest_route=\/wp\/v2\/posts\/1220\/revisions\/1221"}],"wp:attachment":[{"href":"https:\/\/feuerwehr-delkenheim.de\/index.php?rest_route=%2Fwp%2Fv2%2Fmedia&parent=1220"}],"wp:term":[{"taxonomy":"category","embeddable":true,"href":"https:\/\/feuerwehr-delkenheim.de\/index.php?rest_route=%2Fwp%2Fv2%2Fcategories&post=1220"},{"taxonomy":"post_tag","embeddable":true,"href":"https:\/\/feuerwehr-delkenheim.de\/index.php?rest_route=%2Fwp%2Fv2%2Ftags&post=1220"}],"curies":[{"name":"wp","href":"https:\/\/api.w.org\/{rel}","templated":true}]}}