{"id":1228,"date":"2019-08-22T19:10:10","date_gmt":"2019-08-22T18:10:10","guid":{"rendered":"http:\/\/feuerwehr-delkenheim.de\/?p=1228"},"modified":"2019-11-22T18:51:40","modified_gmt":"2019-11-22T16:51:40","slug":"dienstlan-jugendfeuerwehr","status":"publish","type":"post","link":"https:\/\/feuerwehr-delkenheim.de\/?p=1228","title":{"rendered":"Dienstplan Jugendfeuerwehr"},"content":{"rendered":"\n<p>Die Schulferien sind vorbei und die Jugendfeuerwehr hat ihren Dienstplan f\u00fcr die zweite H\u00e4lfte des Jahres beschlossen: <a href=\"https:\/\/feuerwehr-delkenheim.de\/wp-content\/uploads\/2019\/08\/Dienstplan2019-2JF.pdf\">Dienstplan f\u00fcr das 2. Halbjahr 2019<\/a><\/p>\n","protected":false},"excerpt":{"rendered":"<p>Die Schulferien sind vorbei und die Jugendfeuerwehr hat ihren Dienstplan f\u00fcr die zweite H\u00e4lfte des Jahres beschlossen: Dienstplan f\u00fcr das 2. Halbjahr 2019<\/p>\n","protected":false},"author":1,"featured_media":0,"comment_status":"closed","ping_status":"closed","sticky":false,"template":"","format":"standard","meta":{"jetpack_post_was_ever_published":false,"_jetpack_newsletter_access":"","_jetpack_dont_email_post_to_subs":false,"_jetpack_newsletter_tier_id":0,"_jetpack_memberships_contains_paywalled_content":false,"_jetpack_memberships_contains_paid_content":false,"footnotes":""},"categories":[4],"tags":[10],"class_list":["post-1228","post","type-post","status-publish","format-standard","hentry","category-jugendfeuerwehr","tag-dienstplan"],"jetpack_featured_media_url":"","jetpack_sharing_enabled":true,"_links":{"self":[{"href":"https:\/\/feuerwehr-delkenheim.de\/index.php?rest_route=\/wp\/v2\/posts\/1228","targetHints":{"allow":["GET"]}}],"collection":[{"href":"https:\/\/feuerwehr-delkenheim.de\/index.php?rest_route=\/wp\/v2\/posts"}],"about":[{"href":"https:\/\/feuerwehr-delkenheim.de\/index.php?rest_route=\/wp\/v2\/types\/post"}],"author":[{"embeddable":true,"href":"https:\/\/feuerwehr-delkenheim.de\/index.php?rest_route=\/wp\/v2\/users\/1"}],"replies":[{"embeddable":true,"href":"https:\/\/feuerwehr-delkenheim.de\/index.php?rest_route=%2Fwp%2Fv2%2Fcomments&post=1228"}],"version-history":[{"count":2,"href":"https:\/\/feuerwehr-delkenheim.de\/index.php?rest_route=\/wp\/v2\/posts\/1228\/revisions"}],"predecessor-version":[{"id":1303,"href":"https:\/\/feuerwehr-delkenheim.de\/index.php?rest_route=\/wp\/v2\/posts\/1228\/revisions\/1303"}],"wp:attachment":[{"href":"https:\/\/feuerwehr-delkenheim.de\/index.php?rest_route=%2Fwp%2Fv2%2Fmedia&parent=1228"}],"wp:term":[{"taxonomy":"category","embeddable":true,"href":"https:\/\/feuerwehr-delkenheim.de\/index.php?rest_route=%2Fwp%2Fv2%2Fcategories&post=1228"},{"taxonomy":"post_tag","embeddable":true,"href":"https:\/\/feuerwehr-delkenheim.de\/index.php?rest_route=%2Fwp%2Fv2%2Ftags&post=1228"}],"curies":[{"name":"wp","href":"https:\/\/api.w.org\/{rel}","templated":true}]}}