{"id":1241,"date":"2019-08-26T10:00:15","date_gmt":"2019-08-26T09:00:15","guid":{"rendered":"http:\/\/feuerwehr-delkenheim.de\/?p=1241"},"modified":"2019-09-01T18:50:18","modified_gmt":"2019-09-01T17:50:18","slug":"technischer-defekt-an-lkw","status":"publish","type":"post","link":"https:\/\/feuerwehr-delkenheim.de\/?p=1241","title":{"rendered":"Technischer Defekt an LKW"},"content":{"rendered":"\n<div class=\"wp-block-image\"><figure class=\"alignright\"><img loading=\"lazy\" decoding=\"async\" width=\"300\" height=\"225\" src=\"https:\/\/feuerwehr-delkenheim.de\/wp-content\/uploads\/2019\/09\/20190901_1452321-300x225.jpg\" alt=\"\" class=\"wp-image-1238\" srcset=\"https:\/\/feuerwehr-delkenheim.de\/wp-content\/uploads\/2019\/09\/20190901_1452321-300x225.jpg 300w, https:\/\/feuerwehr-delkenheim.de\/wp-content\/uploads\/2019\/09\/20190901_1452321-400x300.jpg 400w, https:\/\/feuerwehr-delkenheim.de\/wp-content\/uploads\/2019\/09\/20190901_1452321.jpg 651w\" sizes=\"auto, (max-width: 300px) 100vw, 300px\" \/><\/figure><\/div>\n\n\n\n<p>Am Morgen des Montag, 26. August wurden wir kurz nach 8 Uhr zusammen mit der Feuerwehr Nordenstadt zu einem vermeintlich brennenden LKW auf die Autobahn 66 in Richtung Wiesbaden gerufen. Wie sich herausstellt, hatte der LKW einen technischen Defekt am Motor, so dass das Motor\u00f6l im Motor verbrannte und eine gro\u00dfe Rauchwolke verursachte. Der Fahrer des LKW war sichtlich schockiert und wurde betreut. Vorsorglich wurden gr\u00f6\u00dfere L\u00f6schma\u00dfhnahmen vorbereitet, kamen dann aber nicht zum Einsatz. Nach weniger als einer Stunde konnten wir wieder einr\u00fccken.<\/p>\n","protected":false},"excerpt":{"rendered":"<p>Am Morgen des Montag, 26. August wurden wir kurz nach 8 Uhr zusammen mit der Feuerwehr Nordenstadt zu einem vermeintlich brennenden LKW auf die Autobahn 66 in Richtung Wiesbaden gerufen. Wie sich herausstellt, hatte der LKW einen technischen Defekt am &hellip; <a href=\"https:\/\/feuerwehr-delkenheim.de\/?p=1241\">Weiterlesen <span class=\"meta-nav\">&rarr;<\/span><\/a><\/p>\n","protected":false},"author":1,"featured_media":0,"comment_status":"closed","ping_status":"closed","sticky":false,"template":"","format":"standard","meta":{"jetpack_post_was_ever_published":false,"_jetpack_newsletter_access":"","_jetpack_dont_email_post_to_subs":false,"_jetpack_newsletter_tier_id":0,"_jetpack_memberships_contains_paywalled_content":false,"_jetpack_memberships_contains_paid_content":false,"footnotes":""},"categories":[3],"tags":[69,50],"class_list":["post-1241","post","type-post","status-publish","format-standard","hentry","category-einsatzabteilung","tag-autobahn","tag-einsatz"],"jetpack_featured_media_url":"","jetpack_sharing_enabled":true,"_links":{"self":[{"href":"https:\/\/feuerwehr-delkenheim.de\/index.php?rest_route=\/wp\/v2\/posts\/1241","targetHints":{"allow":["GET"]}}],"collection":[{"href":"https:\/\/feuerwehr-delkenheim.de\/index.php?rest_route=\/wp\/v2\/posts"}],"about":[{"href":"https:\/\/feuerwehr-delkenheim.de\/index.php?rest_route=\/wp\/v2\/types\/post"}],"author":[{"embeddable":true,"href":"https:\/\/feuerwehr-delkenheim.de\/index.php?rest_route=\/wp\/v2\/users\/1"}],"replies":[{"embeddable":true,"href":"https:\/\/feuerwehr-delkenheim.de\/index.php?rest_route=%2Fwp%2Fv2%2Fcomments&post=1241"}],"version-history":[{"count":1,"href":"https:\/\/feuerwehr-delkenheim.de\/index.php?rest_route=\/wp\/v2\/posts\/1241\/revisions"}],"predecessor-version":[{"id":1242,"href":"https:\/\/feuerwehr-delkenheim.de\/index.php?rest_route=\/wp\/v2\/posts\/1241\/revisions\/1242"}],"wp:attachment":[{"href":"https:\/\/feuerwehr-delkenheim.de\/index.php?rest_route=%2Fwp%2Fv2%2Fmedia&parent=1241"}],"wp:term":[{"taxonomy":"category","embeddable":true,"href":"https:\/\/feuerwehr-delkenheim.de\/index.php?rest_route=%2Fwp%2Fv2%2Fcategories&post=1241"},{"taxonomy":"post_tag","embeddable":true,"href":"https:\/\/feuerwehr-delkenheim.de\/index.php?rest_route=%2Fwp%2Fv2%2Ftags&post=1241"}],"curies":[{"name":"wp","href":"https:\/\/api.w.org\/{rel}","templated":true}]}}