{"id":1243,"date":"2019-09-01T18:00:32","date_gmt":"2019-09-01T17:00:32","guid":{"rendered":"http:\/\/feuerwehr-delkenheim.de\/?p=1243"},"modified":"2019-09-01T18:58:53","modified_gmt":"2019-09-01T17:58:53","slug":"brennender-baum","status":"publish","type":"post","link":"https:\/\/feuerwehr-delkenheim.de\/?p=1243","title":{"rendered":"Brennender Baum"},"content":{"rendered":"\n<ul class=\"wp-block-gallery columns-2 is-cropped wp-block-gallery-1 is-layout-flex wp-block-gallery-is-layout-flex\"><li class=\"blocks-gallery-item\"><figure><a href=\"https:\/\/feuerwehr-delkenheim.de\/wp-content\/uploads\/2019\/09\/20190901_170602-768x1024.jpg\"><img loading=\"lazy\" decoding=\"async\" width=\"768\" height=\"1024\" src=\"https:\/\/feuerwehr-delkenheim.de\/wp-content\/uploads\/2019\/09\/20190901_170602-768x1024.jpg\" alt=\"\" data-id=\"1236\" data-link=\"https:\/\/feuerwehr-delkenheim.de\/?attachment_id=1236\" class=\"wp-image-1236\" srcset=\"https:\/\/feuerwehr-delkenheim.de\/wp-content\/uploads\/2019\/09\/20190901_170602-768x1024.jpg 768w, https:\/\/feuerwehr-delkenheim.de\/wp-content\/uploads\/2019\/09\/20190901_170602-225x300.jpg 225w, https:\/\/feuerwehr-delkenheim.de\/wp-content\/uploads\/2019\/09\/20190901_170602.jpg 960w\" sizes=\"auto, (max-width: 768px) 100vw, 768px\" \/><\/a><\/figure><\/li><li class=\"blocks-gallery-item\"><figure><a href=\"https:\/\/feuerwehr-delkenheim.de\/wp-content\/uploads\/2019\/09\/20190901_172948-768x1024.jpg\"><img loading=\"lazy\" decoding=\"async\" width=\"768\" height=\"1024\" src=\"https:\/\/feuerwehr-delkenheim.de\/wp-content\/uploads\/2019\/09\/20190901_172948-768x1024.jpg\" alt=\"\" data-id=\"1237\" data-link=\"https:\/\/feuerwehr-delkenheim.de\/?attachment_id=1237\" class=\"wp-image-1237\" srcset=\"https:\/\/feuerwehr-delkenheim.de\/wp-content\/uploads\/2019\/09\/20190901_172948-768x1024.jpg 768w, https:\/\/feuerwehr-delkenheim.de\/wp-content\/uploads\/2019\/09\/20190901_172948-225x300.jpg 225w, https:\/\/feuerwehr-delkenheim.de\/wp-content\/uploads\/2019\/09\/20190901_172948.jpg 960w\" sizes=\"auto, (max-width: 768px) 100vw, 768px\" \/><\/a><\/figure><\/li><\/ul>\n\n\n\n<p>Die nach wie vor anhaltende Waldbrandgefahr machte sich heute auch in Delkenheim bemerkbar. Ein Baum, welcher direkt am Wickerbach steht, fing &#8211; vermutlich nach Beschuss mit einer Feuerwerksrakete &#8211; Feuer und brannte dann gem\u00e4chlich vor sich hin. Von Besitzern der angrenzenden G\u00e4rten wurden wir kurz nach 17 Uhr am Sonntag Nachmittag alarmiert und bis zum Baum eingewiesen, der sich in einem f\u00fcr unser Fahrzeug nur sehr schwer erreichbaren, weil viel zu sehr zugewachsenem Feldweg befand. Vor Ort eingetroffen konnte der Baum dann problemlos und schnell durch ein Schnellangriffsrohr und unserem Wassertank abgel\u00f6scht werden.<\/p>\n","protected":false},"excerpt":{"rendered":"<p>Die nach wie vor anhaltende Waldbrandgefahr machte sich heute auch in Delkenheim bemerkbar. Ein Baum, welcher direkt am Wickerbach steht, fing &#8211; vermutlich nach Beschuss mit einer Feuerwerksrakete &#8211; Feuer und brannte dann gem\u00e4chlich vor sich hin. Von Besitzern der &hellip; <a href=\"https:\/\/feuerwehr-delkenheim.de\/?p=1243\">Weiterlesen <span class=\"meta-nav\">&rarr;<\/span><\/a><\/p>\n","protected":false},"author":1,"featured_media":0,"comment_status":"closed","ping_status":"closed","sticky":false,"template":"","format":"standard","meta":{"jetpack_post_was_ever_published":false,"_jetpack_newsletter_access":"","_jetpack_dont_email_post_to_subs":false,"_jetpack_newsletter_tier_id":0,"_jetpack_memberships_contains_paywalled_content":false,"_jetpack_memberships_contains_paid_content":false,"footnotes":""},"categories":[3],"tags":[92,42,50],"class_list":["post-1243","post","type-post","status-publish","format-standard","hentry","category-einsatzabteilung","tag-baum","tag-brand","tag-einsatz"],"jetpack_featured_media_url":"","jetpack_sharing_enabled":true,"_links":{"self":[{"href":"https:\/\/feuerwehr-delkenheim.de\/index.php?rest_route=\/wp\/v2\/posts\/1243","targetHints":{"allow":["GET"]}}],"collection":[{"href":"https:\/\/feuerwehr-delkenheim.de\/index.php?rest_route=\/wp\/v2\/posts"}],"about":[{"href":"https:\/\/feuerwehr-delkenheim.de\/index.php?rest_route=\/wp\/v2\/types\/post"}],"author":[{"embeddable":true,"href":"https:\/\/feuerwehr-delkenheim.de\/index.php?rest_route=\/wp\/v2\/users\/1"}],"replies":[{"embeddable":true,"href":"https:\/\/feuerwehr-delkenheim.de\/index.php?rest_route=%2Fwp%2Fv2%2Fcomments&post=1243"}],"version-history":[{"count":1,"href":"https:\/\/feuerwehr-delkenheim.de\/index.php?rest_route=\/wp\/v2\/posts\/1243\/revisions"}],"predecessor-version":[{"id":1244,"href":"https:\/\/feuerwehr-delkenheim.de\/index.php?rest_route=\/wp\/v2\/posts\/1243\/revisions\/1244"}],"wp:attachment":[{"href":"https:\/\/feuerwehr-delkenheim.de\/index.php?rest_route=%2Fwp%2Fv2%2Fmedia&parent=1243"}],"wp:term":[{"taxonomy":"category","embeddable":true,"href":"https:\/\/feuerwehr-delkenheim.de\/index.php?rest_route=%2Fwp%2Fv2%2Fcategories&post=1243"},{"taxonomy":"post_tag","embeddable":true,"href":"https:\/\/feuerwehr-delkenheim.de\/index.php?rest_route=%2Fwp%2Fv2%2Ftags&post=1243"}],"curies":[{"name":"wp","href":"https:\/\/api.w.org\/{rel}","templated":true}]}}