{"id":1246,"date":"2019-09-11T20:00:10","date_gmt":"2019-09-11T19:00:10","guid":{"rendered":"http:\/\/feuerwehr-delkenheim.de\/?p=1246"},"modified":"2019-09-14T20:18:23","modified_gmt":"2019-09-14T19:18:23","slug":"wachbesetzung-durch-stickstoffloeschanlage","status":"publish","type":"post","link":"https:\/\/feuerwehr-delkenheim.de\/?p=1246","title":{"rendered":"Wachbesetzung durch Stickstoffl\u00f6schanlage"},"content":{"rendered":"\n<p>Am 11. September kam es im Hessischen Sozialministerium zu einem ungewollten Ausl\u00f6sen der im Keller installierten Stickstoff-L\u00f6schanlage. Da hierdurch ein gr\u00f6\u00dferer Feuerwehreinsatz folgte, bei dem auch zahlreiche Sonderfahrzeuge zur Einsatzstelle entsandt wurden, musste neben den Feuerwachen 1 und 3 auch kurzzeitig die Feuerwache 2 durch Freiwillige Feuerwehren nachbesetzt werden. Das passierte durch die Feuerwehren aus Nordenstadt und Delkenheim. Die Lage entspannte sich aber relativ schnell wieder, so dass die Feuerwache 2 wieder voll einsatzf\u00e4hig war. <\/p>\n\n\n\n<p>Mehr dazu auch bei <a href=\"https:\/\/www.hessenschau.de\/panorama\/25-leichtverletzte-nach-loeschgas-austritt-im-sozialministerium-in-wiesbaden,hessisches-sozialministerium-geraeumt-100.html\">hessenschau.de<\/a> oder bei <a href=\"http:\/\/www.wiesbadenaktuell.de\/startseite\/news-detail-view\/article\/stickstoff-im-hessischen-ministerium-fuer-soziales-in-wiesbaden-ausgetreten.html\">wiesbadenaktuell.de<\/a><\/p>\n","protected":false},"excerpt":{"rendered":"<p>Am 11. September kam es im Hessischen Sozialministerium zu einem ungewollten Ausl\u00f6sen der im Keller installierten Stickstoff-L\u00f6schanlage. Da hierdurch ein gr\u00f6\u00dferer Feuerwehreinsatz folgte, bei dem auch zahlreiche Sonderfahrzeuge zur Einsatzstelle entsandt wurden, musste neben den Feuerwachen 1 und 3 auch &hellip; <a href=\"https:\/\/feuerwehr-delkenheim.de\/?p=1246\">Weiterlesen <span class=\"meta-nav\">&rarr;<\/span><\/a><\/p>\n","protected":false},"author":1,"featured_media":0,"comment_status":"closed","ping_status":"closed","sticky":false,"template":"","format":"standard","meta":{"jetpack_post_was_ever_published":false,"_jetpack_newsletter_access":"","_jetpack_dont_email_post_to_subs":false,"_jetpack_newsletter_tier_id":0,"_jetpack_memberships_contains_paywalled_content":false,"_jetpack_memberships_contains_paid_content":false,"footnotes":""},"categories":[3],"tags":[72],"class_list":["post-1246","post","type-post","status-publish","format-standard","hentry","category-einsatzabteilung","tag-wachbesetzung"],"jetpack_featured_media_url":"","jetpack_sharing_enabled":true,"_links":{"self":[{"href":"https:\/\/feuerwehr-delkenheim.de\/index.php?rest_route=\/wp\/v2\/posts\/1246","targetHints":{"allow":["GET"]}}],"collection":[{"href":"https:\/\/feuerwehr-delkenheim.de\/index.php?rest_route=\/wp\/v2\/posts"}],"about":[{"href":"https:\/\/feuerwehr-delkenheim.de\/index.php?rest_route=\/wp\/v2\/types\/post"}],"author":[{"embeddable":true,"href":"https:\/\/feuerwehr-delkenheim.de\/index.php?rest_route=\/wp\/v2\/users\/1"}],"replies":[{"embeddable":true,"href":"https:\/\/feuerwehr-delkenheim.de\/index.php?rest_route=%2Fwp%2Fv2%2Fcomments&post=1246"}],"version-history":[{"count":2,"href":"https:\/\/feuerwehr-delkenheim.de\/index.php?rest_route=\/wp\/v2\/posts\/1246\/revisions"}],"predecessor-version":[{"id":1250,"href":"https:\/\/feuerwehr-delkenheim.de\/index.php?rest_route=\/wp\/v2\/posts\/1246\/revisions\/1250"}],"wp:attachment":[{"href":"https:\/\/feuerwehr-delkenheim.de\/index.php?rest_route=%2Fwp%2Fv2%2Fmedia&parent=1246"}],"wp:term":[{"taxonomy":"category","embeddable":true,"href":"https:\/\/feuerwehr-delkenheim.de\/index.php?rest_route=%2Fwp%2Fv2%2Fcategories&post=1246"},{"taxonomy":"post_tag","embeddable":true,"href":"https:\/\/feuerwehr-delkenheim.de\/index.php?rest_route=%2Fwp%2Fv2%2Ftags&post=1246"}],"curies":[{"name":"wp","href":"https:\/\/api.w.org\/{rel}","templated":true}]}}