{"id":1248,"date":"2019-09-12T21:00:22","date_gmt":"2019-09-12T20:00:22","guid":{"rendered":"http:\/\/feuerwehr-delkenheim.de\/?p=1248"},"modified":"2019-09-14T20:17:49","modified_gmt":"2019-09-14T19:17:49","slug":"wachbesetzung-nach-chlorgasuebersaettigung","status":"publish","type":"post","link":"https:\/\/feuerwehr-delkenheim.de\/?p=1248","title":{"rendered":"Wachbesetzung nach Chlorgas\u00fcbers\u00e4ttigung"},"content":{"rendered":"\n<p>Am 12. September kam es in der Wiesbadener Kaiser-Friedrich-Therme zu einem Fehler in der Chlor-Dosieranlage f\u00fcr das Beckenwasser. Dabei kam es zu einer \u00dcbers\u00e4ttigung, so dass das Chlor aus dem Wasser ausgaste. Durch den damit folgenden Feuerwehr- und Rettungsdiensteinsatz mussten wegen der Menge der entsandten Kr\u00e4fte alle 3 Feuerwachen durch Freiwillige Feuerwehren nachbesetzt. Wir besetzten zusammen mit der Feuerwehr Nordenstadt die Feuerwache 2. Nach etwa 3 Stunden konnten wir wieder nach Hause fahren.<\/p>\n\n\n\n<p>Mehr dazu gibt es z.B. bei <a href=\"https:\/\/www.hessenschau.de\/panorama\/15-verletzte-nach-chlorgasaustritt-in-kaiser-friedrich-therme,chlorgasaustritt-wiesbaden-100.html\">hessenschau.de<\/a> oder bei <a href=\"http:\/\/www.wiesbadenaktuell.de\/startseite\/news-detail-view\/article\/chlorgasaustritt-in-den-kaiser-friedrich-thermen.html\">wiesbadenaktuell.de<\/a><\/p>\n","protected":false},"excerpt":{"rendered":"<p>Am 12. September kam es in der Wiesbadener Kaiser-Friedrich-Therme zu einem Fehler in der Chlor-Dosieranlage f\u00fcr das Beckenwasser. Dabei kam es zu einer \u00dcbers\u00e4ttigung, so dass das Chlor aus dem Wasser ausgaste. Durch den damit folgenden Feuerwehr- und Rettungsdiensteinsatz mussten &hellip; <a href=\"https:\/\/feuerwehr-delkenheim.de\/?p=1248\">Weiterlesen <span class=\"meta-nav\">&rarr;<\/span><\/a><\/p>\n","protected":false},"author":1,"featured_media":0,"comment_status":"closed","ping_status":"closed","sticky":false,"template":"","format":"standard","meta":{"jetpack_post_was_ever_published":false,"_jetpack_newsletter_access":"","_jetpack_dont_email_post_to_subs":false,"_jetpack_newsletter_tier_id":0,"_jetpack_memberships_contains_paywalled_content":false,"_jetpack_memberships_contains_paid_content":false,"footnotes":""},"categories":[3],"tags":[72],"class_list":["post-1248","post","type-post","status-publish","format-standard","hentry","category-einsatzabteilung","tag-wachbesetzung"],"jetpack_featured_media_url":"","jetpack_sharing_enabled":true,"_links":{"self":[{"href":"https:\/\/feuerwehr-delkenheim.de\/index.php?rest_route=\/wp\/v2\/posts\/1248","targetHints":{"allow":["GET"]}}],"collection":[{"href":"https:\/\/feuerwehr-delkenheim.de\/index.php?rest_route=\/wp\/v2\/posts"}],"about":[{"href":"https:\/\/feuerwehr-delkenheim.de\/index.php?rest_route=\/wp\/v2\/types\/post"}],"author":[{"embeddable":true,"href":"https:\/\/feuerwehr-delkenheim.de\/index.php?rest_route=\/wp\/v2\/users\/1"}],"replies":[{"embeddable":true,"href":"https:\/\/feuerwehr-delkenheim.de\/index.php?rest_route=%2Fwp%2Fv2%2Fcomments&post=1248"}],"version-history":[{"count":1,"href":"https:\/\/feuerwehr-delkenheim.de\/index.php?rest_route=\/wp\/v2\/posts\/1248\/revisions"}],"predecessor-version":[{"id":1249,"href":"https:\/\/feuerwehr-delkenheim.de\/index.php?rest_route=\/wp\/v2\/posts\/1248\/revisions\/1249"}],"wp:attachment":[{"href":"https:\/\/feuerwehr-delkenheim.de\/index.php?rest_route=%2Fwp%2Fv2%2Fmedia&parent=1248"}],"wp:term":[{"taxonomy":"category","embeddable":true,"href":"https:\/\/feuerwehr-delkenheim.de\/index.php?rest_route=%2Fwp%2Fv2%2Fcategories&post=1248"},{"taxonomy":"post_tag","embeddable":true,"href":"https:\/\/feuerwehr-delkenheim.de\/index.php?rest_route=%2Fwp%2Fv2%2Ftags&post=1248"}],"curies":[{"name":"wp","href":"https:\/\/api.w.org\/{rel}","templated":true}]}}