{"id":1258,"date":"2019-09-18T19:52:02","date_gmt":"2019-09-18T17:52:02","guid":{"rendered":"http:\/\/feuerwehr-delkenheim.de\/?p=1258"},"modified":"2019-09-19T09:16:16","modified_gmt":"2019-09-19T07:16:16","slug":"brand-in-kirchturm-in-bierstadt","status":"publish","type":"post","link":"https:\/\/feuerwehr-delkenheim.de\/?p=1258","title":{"rendered":"Brand in Kirchturm in Bierstadt"},"content":{"rendered":"<p><img loading=\"lazy\" decoding=\"async\" class=\"wp-image-1261 size-medium alignright\" src=\"https:\/\/feuerwehr-delkenheim.de\/wp-content\/uploads\/2019\/09\/wp-1568829275215.jpg\" width=\"300\" height=\"225\" title=\"Wachbesetzung der Feuerwache 3\" srcset=\"https:\/\/feuerwehr-delkenheim.de\/wp-content\/uploads\/2019\/09\/wp-1568829275215.jpg 1414w, https:\/\/feuerwehr-delkenheim.de\/wp-content\/uploads\/2019\/09\/wp-1568829275215-300x225.jpg 300w, https:\/\/feuerwehr-delkenheim.de\/wp-content\/uploads\/2019\/09\/wp-1568829275215-768x576.jpg 768w, https:\/\/feuerwehr-delkenheim.de\/wp-content\/uploads\/2019\/09\/wp-1568829275215-1024x768.jpg 1024w, https:\/\/feuerwehr-delkenheim.de\/wp-content\/uploads\/2019\/09\/wp-1568829275215-400x300.jpg 400w\" sizes=\"auto, (max-width: 300px) 100vw, 300px\" \/><\/p>\n<p>Ein Brand in einem Kirchturm in Bierstadt besch\u00e4ftigte stundenlang die Kr\u00e4fte aller drei Berufsfeuerwehrwachen. Das sorgte auch bei uns daf\u00fcr, dass wir ab 6 Uhr morgens zur Wachbesetzung gerufen wurden. Normalerweise zusammen mit Nordenstadt zur Feuerwache 2. Aber relativ schnell wurde die Personalverteilung optimiert und wir wurden, aufgestockt mit Kr\u00e4ften aus Nordenstadt, nach Bierstadt auf die Feuerwache 3 entsandt, um hier die Kr\u00e4fte der Feuerwehr Erbenheim zu verst\u00e4rken. Im Laufe des Tages fuhren wir dann auch einige Eins\u00e4tze. \u00dcberpr\u00fcfungen von Rauchentwicklungen und einen gro\u00dfen Wasserschaden. Um 14 Uhr wurden wir dann durch frische Feuerwehren herausgel\u00f6st und konnten somit nach 8 Stunden einr\u00fccken.<\/p>\n<p>Mehr dazu in der <a href=\"https:\/\/www.wiesbaden.de\/microsite\/feuerwehr\/einsaetze\/index.php?showpm=true&amp;pmurl=http:\/\/www.wiesbaden.de\/guiapplications\/newsdesk\/publications\/Landeshauptstadt_Wiesbaden\/141010100000366600.php\" target=\"_blank\" rel=\"noopener noreferrer\">Pressemitteilung der Feuerwehr Wiesbaden<\/a>.<\/p>\n<p>Reichlich Fotos und Infos zum Kirchturmbrand gibt es auch bei <a target=\"_blank\" rel=\"noopener noreferrer\" href=\"http:\/\/www.wiesbadenaktuell.de\/nachrichten\/news-detail-view\/article\/turm-der-st-birgid-kirche-in-bierstadt-in-flammen.html\">wiesbadenaktuell.de<\/a><\/p>\n","protected":false},"excerpt":{"rendered":"<p>Ein Brand in einem Kirchturm in Bierstadt besch\u00e4ftigte stundenlang die Kr\u00e4fte aller drei Berufsfeuerwehrwachen. Das sorgte auch bei uns daf\u00fcr, dass wir ab 6 Uhr morgens zur Wachbesetzung gerufen wurden. Normalerweise zusammen mit Nordenstadt zur Feuerwache 2. Aber relativ schnell &hellip; <a href=\"https:\/\/feuerwehr-delkenheim.de\/?p=1258\">Weiterlesen <span class=\"meta-nav\">&rarr;<\/span><\/a><\/p>\n","protected":false},"author":1,"featured_media":0,"comment_status":"open","ping_status":"closed","sticky":false,"template":"","format":"standard","meta":{"jetpack_post_was_ever_published":false,"_jetpack_newsletter_access":"","_jetpack_dont_email_post_to_subs":false,"_jetpack_newsletter_tier_id":0,"_jetpack_memberships_contains_paywalled_content":false,"_jetpack_memberships_contains_paid_content":false,"footnotes":""},"categories":[3],"tags":[50],"class_list":["post-1258","post","type-post","status-publish","format-standard","hentry","category-einsatzabteilung","tag-einsatz"],"jetpack_featured_media_url":"","jetpack_sharing_enabled":true,"_links":{"self":[{"href":"https:\/\/feuerwehr-delkenheim.de\/index.php?rest_route=\/wp\/v2\/posts\/1258","targetHints":{"allow":["GET"]}}],"collection":[{"href":"https:\/\/feuerwehr-delkenheim.de\/index.php?rest_route=\/wp\/v2\/posts"}],"about":[{"href":"https:\/\/feuerwehr-delkenheim.de\/index.php?rest_route=\/wp\/v2\/types\/post"}],"author":[{"embeddable":true,"href":"https:\/\/feuerwehr-delkenheim.de\/index.php?rest_route=\/wp\/v2\/users\/1"}],"replies":[{"embeddable":true,"href":"https:\/\/feuerwehr-delkenheim.de\/index.php?rest_route=%2Fwp%2Fv2%2Fcomments&post=1258"}],"version-history":[{"count":5,"href":"https:\/\/feuerwehr-delkenheim.de\/index.php?rest_route=\/wp\/v2\/posts\/1258\/revisions"}],"predecessor-version":[{"id":1264,"href":"https:\/\/feuerwehr-delkenheim.de\/index.php?rest_route=\/wp\/v2\/posts\/1258\/revisions\/1264"}],"wp:attachment":[{"href":"https:\/\/feuerwehr-delkenheim.de\/index.php?rest_route=%2Fwp%2Fv2%2Fmedia&parent=1258"}],"wp:term":[{"taxonomy":"category","embeddable":true,"href":"https:\/\/feuerwehr-delkenheim.de\/index.php?rest_route=%2Fwp%2Fv2%2Fcategories&post=1258"},{"taxonomy":"post_tag","embeddable":true,"href":"https:\/\/feuerwehr-delkenheim.de\/index.php?rest_route=%2Fwp%2Fv2%2Ftags&post=1258"}],"curies":[{"name":"wp","href":"https:\/\/api.w.org\/{rel}","templated":true}]}}