{"id":1266,"date":"2019-09-22T20:00:43","date_gmt":"2019-09-22T18:00:43","guid":{"rendered":"http:\/\/feuerwehr-delkenheim.de\/?p=1266"},"modified":"2019-09-24T16:36:01","modified_gmt":"2019-09-24T14:36:01","slug":"gewollter-abbrand-raucht-maechtig","status":"publish","type":"post","link":"https:\/\/feuerwehr-delkenheim.de\/?p=1266","title":{"rendered":"Gewollter Abbrand raucht m\u00e4chtig"},"content":{"rendered":"\n<p>Ein gewollter Abbrand in einem Schrebergarten hinter dem Taunusring sorgte am Sonntag f\u00fcr einen Einsatz. Anwohner hatten eine starke Rauchentwicklung gemeldet. Gerade mal 20 Minuten sp\u00e4ter meldete man einen Kaminbrand im Taunusring. Also wurde abermals die Situation \u00fcberpr\u00fcft mit dem Ergebnis, dass es sich nach wie vor lediglich um den Rauch des gewollten Abbrandes gehandelt hat.<\/p>\n\n\n\n<p>Dazu noch in eigener Sache: Unser j\u00fcngstes Mitglied in der Einsatzabteilung hat an diesem Tag mittags nach sechs Wochen den Grundlagenlehrgang zur Feuerwehrfrau erfolgreich abgeschlossen. Hiermit durfte sie dann erstmals zu einem Einsatz mit ausr\u00fccken.<\/p>\n","protected":false},"excerpt":{"rendered":"<p>Ein gewollter Abbrand in einem Schrebergarten hinter dem Taunusring sorgte am Sonntag f\u00fcr einen Einsatz. Anwohner hatten eine starke Rauchentwicklung gemeldet. Gerade mal 20 Minuten sp\u00e4ter meldete man einen Kaminbrand im Taunusring. Also wurde abermals die Situation \u00fcberpr\u00fcft mit dem &hellip; <a href=\"https:\/\/feuerwehr-delkenheim.de\/?p=1266\">Weiterlesen <span class=\"meta-nav\">&rarr;<\/span><\/a><\/p>\n","protected":false},"author":1,"featured_media":0,"comment_status":"closed","ping_status":"closed","sticky":false,"template":"","format":"standard","meta":{"jetpack_post_was_ever_published":false,"_jetpack_newsletter_access":"","_jetpack_dont_email_post_to_subs":false,"_jetpack_newsletter_tier_id":0,"_jetpack_memberships_contains_paywalled_content":false,"_jetpack_memberships_contains_paid_content":false,"footnotes":""},"categories":[3],"tags":[50],"class_list":["post-1266","post","type-post","status-publish","format-standard","hentry","category-einsatzabteilung","tag-einsatz"],"jetpack_featured_media_url":"","jetpack_sharing_enabled":true,"_links":{"self":[{"href":"https:\/\/feuerwehr-delkenheim.de\/index.php?rest_route=\/wp\/v2\/posts\/1266","targetHints":{"allow":["GET"]}}],"collection":[{"href":"https:\/\/feuerwehr-delkenheim.de\/index.php?rest_route=\/wp\/v2\/posts"}],"about":[{"href":"https:\/\/feuerwehr-delkenheim.de\/index.php?rest_route=\/wp\/v2\/types\/post"}],"author":[{"embeddable":true,"href":"https:\/\/feuerwehr-delkenheim.de\/index.php?rest_route=\/wp\/v2\/users\/1"}],"replies":[{"embeddable":true,"href":"https:\/\/feuerwehr-delkenheim.de\/index.php?rest_route=%2Fwp%2Fv2%2Fcomments&post=1266"}],"version-history":[{"count":1,"href":"https:\/\/feuerwehr-delkenheim.de\/index.php?rest_route=\/wp\/v2\/posts\/1266\/revisions"}],"predecessor-version":[{"id":1267,"href":"https:\/\/feuerwehr-delkenheim.de\/index.php?rest_route=\/wp\/v2\/posts\/1266\/revisions\/1267"}],"wp:attachment":[{"href":"https:\/\/feuerwehr-delkenheim.de\/index.php?rest_route=%2Fwp%2Fv2%2Fmedia&parent=1266"}],"wp:term":[{"taxonomy":"category","embeddable":true,"href":"https:\/\/feuerwehr-delkenheim.de\/index.php?rest_route=%2Fwp%2Fv2%2Fcategories&post=1266"},{"taxonomy":"post_tag","embeddable":true,"href":"https:\/\/feuerwehr-delkenheim.de\/index.php?rest_route=%2Fwp%2Fv2%2Ftags&post=1266"}],"curies":[{"name":"wp","href":"https:\/\/api.w.org\/{rel}","templated":true}]}}