{"id":1272,"date":"2019-09-30T19:00:56","date_gmt":"2019-09-30T17:00:56","guid":{"rendered":"http:\/\/feuerwehr-delkenheim.de\/?p=1272"},"modified":"2019-10-03T23:42:39","modified_gmt":"2019-10-03T21:42:39","slug":"kultusminister-lorz-zu-besuch","status":"publish","type":"post","link":"https:\/\/feuerwehr-delkenheim.de\/?p=1272","title":{"rendered":"Kultusminister Lorz zu besuch"},"content":{"rendered":"\n<figure class=\"wp-block-image\"><img loading=\"lazy\" decoding=\"async\" width=\"1024\" height=\"768\" src=\"https:\/\/feuerwehr-delkenheim.de\/wp-content\/uploads\/2019\/10\/IMG_7012-1024x768.jpg\" alt=\"\" class=\"wp-image-1269\" srcset=\"https:\/\/feuerwehr-delkenheim.de\/wp-content\/uploads\/2019\/10\/IMG_7012-1024x768.jpg 1024w, https:\/\/feuerwehr-delkenheim.de\/wp-content\/uploads\/2019\/10\/IMG_7012-300x225.jpg 300w, https:\/\/feuerwehr-delkenheim.de\/wp-content\/uploads\/2019\/10\/IMG_7012-768x576.jpg 768w, https:\/\/feuerwehr-delkenheim.de\/wp-content\/uploads\/2019\/10\/IMG_7012-400x300.jpg 400w, https:\/\/feuerwehr-delkenheim.de\/wp-content\/uploads\/2019\/10\/IMG_7012.jpg 1280w\" sizes=\"auto, (max-width: 1024px) 100vw, 1024px\" \/><\/figure>\n\n\n\n<p>Besuch von unserem Kultusminister Prof. Dr. R. Alexander Lorz bekamen wir am 30. September. Was war passiert? Alles fing damit an, dass der Stadtjugendfeuerwehrverband in diesem Jahr das Zeltlager in der N\u00e4he von Klagenfurt durchf\u00fchrte. Das war uns zu weit weg und wir wollten eine solch lange Fahrt nicht mit machen. Daher veranstalteten wir stattdessen ein eigenes Zeltlager. Ohne die Rahmenorganisation des Stadtverbandes fehlte uns aber mit unserem einen Unterkunftszelt der Platz, um gleichzeitig M\u00e4nnlein getrennt von Weiblein und Betreuer gleichzeitig unterzubringen. Zus\u00e4tzlich mussten wir nat\u00fcrlich noch f\u00fcr eine K\u00fccheninfrastruktur sorgen. Die dazu benutzten Pavillons fungiren sonst immer als Vorzelt. Uns fehlte ein weiteres Unterkunftszelt, was nun angeschafft werden sollte. In der vorgesehenen Gr\u00f6\u00dfe und Ausstattung w\u00e4ren das fast 4000\u20ac an Kosten gewesen. Wir forschten ein wenig nach und kamen darauf, dass Troncmittel zur F\u00f6rderung beantragt werden k\u00f6nnen, welche vom Kultusministerium verwaltet werden. Gesagt, getan, bekamen wir eine Zusage \u00fcber 2000\u20ac und konnten die Beschaffungsma\u00dfnahme starten. Alle Schritte erfolgten just-in-time, so dass wir in der Woche vor unserem Zeltlager das neue Zelt erhielten.<\/p>\n\n\n\n<p>Nun stattete uns der Minister noch pers\u00f6nlich einen Besuch ab, um uns seine F\u00f6rderzusage pers\u00f6nlich zu \u00fcberreichen. Einen herzlichen Dank daf\u00fcr! Auch Andreas Kleber aus der Leitung der Feuerwehr Wiesbaden gesellte sich zu uns. In seiner Ansprache betonte der Minister: \u201eWer kontinuierlich in den Nachwuchs investiert, sorgt langfristig f\u00fcr die Sicherheit der B\u00fcrgerinnen und B\u00fcrger. Denn klar ist: Das modernste Feuerwehrfahrzeug und das gr\u00f6\u00dfte Mannschaftszelt sind nutzlos ohne die engagierten Feuerwehrfrauen und Feuerwehrm\u00e4nner vor Ort. Unsere Gesellschaft lebt von Menschen, die tatkr\u00e4ftig und ohne zu z\u00f6gern eingreifen, wenn ihre Mitb\u00fcrgerinnen und Mitb\u00fcrger in Not sind. Deswegen freue ich mich, heute hier zu sein und diesen F\u00f6rderbescheid f\u00fcr die zuk\u00fcnftigen Einsatzkr\u00e4fte \u00fcberreichen zu k\u00f6nnen\u201c. Im Anschluss blieb auch noch ein wenig Zeit f\u00fcr pers\u00f6nliche Gespr\u00e4che mit den Jugendlichen und unseren Vertretern der Einsatzabteilung.<\/p>\n\n\n\n<p><a rel=\"noreferrer noopener\" aria-label=\"Bericht des Kultusministeriums (\u00f6ffnet in neuem Tab)\" href=\"https:\/\/www.hessen.de\/presse\/pressemitteilung\/2000-euro-fuer-die-feuerwehr-delkenheim-0\" target=\"_blank\">Bericht des Kultusministeriums<\/a><\/p>\n\n\n\n<ul class=\"wp-block-gallery columns-2 is-cropped wp-block-gallery-1 is-layout-flex wp-block-gallery-is-layout-flex\"><li class=\"blocks-gallery-item\"><figure><img loading=\"lazy\" decoding=\"async\" width=\"1024\" height=\"763\" src=\"https:\/\/feuerwehr-delkenheim.de\/wp-content\/uploads\/2019\/10\/IMG_7020-1024x763.jpg\" alt=\"\" data-id=\"1270\" data-link=\"https:\/\/feuerwehr-delkenheim.de\/?attachment_id=1270\" class=\"wp-image-1270\" srcset=\"https:\/\/feuerwehr-delkenheim.de\/wp-content\/uploads\/2019\/10\/IMG_7020-1024x763.jpg 1024w, https:\/\/feuerwehr-delkenheim.de\/wp-content\/uploads\/2019\/10\/IMG_7020-300x224.jpg 300w, https:\/\/feuerwehr-delkenheim.de\/wp-content\/uploads\/2019\/10\/IMG_7020-768x572.jpg 768w, https:\/\/feuerwehr-delkenheim.de\/wp-content\/uploads\/2019\/10\/IMG_7020-403x300.jpg 403w, https:\/\/feuerwehr-delkenheim.de\/wp-content\/uploads\/2019\/10\/IMG_7020.jpg 1280w\" sizes=\"auto, (max-width: 1024px) 100vw, 1024px\" \/><\/figure><\/li><li class=\"blocks-gallery-item\"><figure><img loading=\"lazy\" decoding=\"async\" width=\"1024\" height=\"682\" src=\"https:\/\/feuerwehr-delkenheim.de\/wp-content\/uploads\/2019\/10\/IMG_7028-1024x682.jpg\" alt=\"\" data-id=\"1271\" data-link=\"https:\/\/feuerwehr-delkenheim.de\/?attachment_id=1271\" class=\"wp-image-1271\" srcset=\"https:\/\/feuerwehr-delkenheim.de\/wp-content\/uploads\/2019\/10\/IMG_7028-1024x682.jpg 1024w, https:\/\/feuerwehr-delkenheim.de\/wp-content\/uploads\/2019\/10\/IMG_7028-300x200.jpg 300w, https:\/\/feuerwehr-delkenheim.de\/wp-content\/uploads\/2019\/10\/IMG_7028-768x512.jpg 768w, https:\/\/feuerwehr-delkenheim.de\/wp-content\/uploads\/2019\/10\/IMG_7028-450x300.jpg 450w, https:\/\/feuerwehr-delkenheim.de\/wp-content\/uploads\/2019\/10\/IMG_7028.jpg 1280w\" sizes=\"auto, (max-width: 1024px) 100vw, 1024px\" \/><\/figure><\/li><\/ul>\n\n\n\n<p><\/p>\n","protected":false},"excerpt":{"rendered":"<p>Besuch von unserem Kultusminister Prof. Dr. R. Alexander Lorz bekamen wir am 30. September. Was war passiert? Alles fing damit an, dass der Stadtjugendfeuerwehrverband in diesem Jahr das Zeltlager in der N\u00e4he von Klagenfurt durchf\u00fchrte. Das war uns zu weit &hellip; <a href=\"https:\/\/feuerwehr-delkenheim.de\/?p=1272\">Weiterlesen <span class=\"meta-nav\">&rarr;<\/span><\/a><\/p>\n","protected":false},"author":1,"featured_media":0,"comment_status":"closed","ping_status":"closed","sticky":false,"template":"","format":"standard","meta":{"jetpack_post_was_ever_published":false,"_jetpack_newsletter_access":"","_jetpack_dont_email_post_to_subs":false,"_jetpack_newsletter_tier_id":0,"_jetpack_memberships_contains_paywalled_content":false,"_jetpack_memberships_contains_paid_content":false,"footnotes":""},"categories":[4,5],"tags":[93],"class_list":["post-1272","post","type-post","status-publish","format-standard","hentry","category-jugendfeuerwehr","category-verein","tag-foerdermittel"],"jetpack_featured_media_url":"","jetpack_sharing_enabled":true,"_links":{"self":[{"href":"https:\/\/feuerwehr-delkenheim.de\/index.php?rest_route=\/wp\/v2\/posts\/1272","targetHints":{"allow":["GET"]}}],"collection":[{"href":"https:\/\/feuerwehr-delkenheim.de\/index.php?rest_route=\/wp\/v2\/posts"}],"about":[{"href":"https:\/\/feuerwehr-delkenheim.de\/index.php?rest_route=\/wp\/v2\/types\/post"}],"author":[{"embeddable":true,"href":"https:\/\/feuerwehr-delkenheim.de\/index.php?rest_route=\/wp\/v2\/users\/1"}],"replies":[{"embeddable":true,"href":"https:\/\/feuerwehr-delkenheim.de\/index.php?rest_route=%2Fwp%2Fv2%2Fcomments&post=1272"}],"version-history":[{"count":2,"href":"https:\/\/feuerwehr-delkenheim.de\/index.php?rest_route=\/wp\/v2\/posts\/1272\/revisions"}],"predecessor-version":[{"id":1274,"href":"https:\/\/feuerwehr-delkenheim.de\/index.php?rest_route=\/wp\/v2\/posts\/1272\/revisions\/1274"}],"wp:attachment":[{"href":"https:\/\/feuerwehr-delkenheim.de\/index.php?rest_route=%2Fwp%2Fv2%2Fmedia&parent=1272"}],"wp:term":[{"taxonomy":"category","embeddable":true,"href":"https:\/\/feuerwehr-delkenheim.de\/index.php?rest_route=%2Fwp%2Fv2%2Fcategories&post=1272"},{"taxonomy":"post_tag","embeddable":true,"href":"https:\/\/feuerwehr-delkenheim.de\/index.php?rest_route=%2Fwp%2Fv2%2Ftags&post=1272"}],"curies":[{"name":"wp","href":"https:\/\/api.w.org\/{rel}","templated":true}]}}