{"id":1276,"date":"2019-10-03T16:00:50","date_gmt":"2019-10-03T14:00:50","guid":{"rendered":"http:\/\/feuerwehr-delkenheim.de\/?p=1276"},"modified":"2019-10-03T23:59:33","modified_gmt":"2019-10-03T21:59:33","slug":"brennender-pkw-auf-der-a66-2","status":"publish","type":"post","link":"https:\/\/feuerwehr-delkenheim.de\/?p=1276","title":{"rendered":"Brennender PKW auf der A66"},"content":{"rendered":"\n<div class=\"wp-block-image\"><figure class=\"alignright\"><a href=\"https:\/\/feuerwehr-delkenheim.de\/wp-content\/uploads\/2019\/10\/20191003_234633-e1570139301185.jpg\"><img loading=\"lazy\" decoding=\"async\" width=\"300\" height=\"225\" src=\"https:\/\/feuerwehr-delkenheim.de\/wp-content\/uploads\/2019\/10\/20191003_234633-300x225.jpg\" alt=\"\" class=\"wp-image-1275\"\/><\/a><\/figure><\/div>\n\n\n\n<p>Am Mittag des Tag der Deutschen Einheit wurden wir auf die A66 zwischen Wallau und Nordenstadt gerufen. Dort eingetroffen fanden wir einen PKW im Vollbrand vor, der dann w\u00e4hrend der n\u00e4chsten zwei Stunden aufw\u00e4ndig gel\u00f6scht werden musste. Dazu arbeiteten wir mit dem Basisl\u00f6schfahrzeug der Feuerwache 3 der Berufsfeuerwehr zusammen und bekamen noch Unterst\u00fctzung von einem Tankl\u00f6schfahrzeug 4000, da wir ansonsten zusammen nur etwa 2000l Wasser gehabt h\u00e4tten. Die Feuerwehr Nordenstadt r\u00fcckte ebenfalls zeitgleich mit uns aus und sicherte die Einsatzstelle. Die Insassen konnten das Fahrzeug rechtzeitig verlassen und wurden von der Autobahnpolizei betreut. Da f\u00fcr die L\u00f6scharbeiten neben dem Standstreifen auch zwei weitere Spuren gesperrt werden mussten, entstand ein gr\u00f6\u00dferer Stau.<\/p>\n","protected":false},"excerpt":{"rendered":"<p>Am Mittag des Tag der Deutschen Einheit wurden wir auf die A66 zwischen Wallau und Nordenstadt gerufen. Dort eingetroffen fanden wir einen PKW im Vollbrand vor, der dann w\u00e4hrend der n\u00e4chsten zwei Stunden aufw\u00e4ndig gel\u00f6scht werden musste. Dazu arbeiteten wir &hellip; <a href=\"https:\/\/feuerwehr-delkenheim.de\/?p=1276\">Weiterlesen <span class=\"meta-nav\">&rarr;<\/span><\/a><\/p>\n","protected":false},"author":1,"featured_media":0,"comment_status":"closed","ping_status":"closed","sticky":false,"template":"","format":"standard","meta":{"jetpack_post_was_ever_published":false,"_jetpack_newsletter_access":"","_jetpack_dont_email_post_to_subs":false,"_jetpack_newsletter_tier_id":0,"_jetpack_memberships_contains_paywalled_content":false,"_jetpack_memberships_contains_paid_content":false,"footnotes":""},"categories":[3],"tags":[42,58],"class_list":["post-1276","post","type-post","status-publish","format-standard","hentry","category-einsatzabteilung","tag-brand","tag-pkw"],"jetpack_featured_media_url":"","jetpack_sharing_enabled":true,"_links":{"self":[{"href":"https:\/\/feuerwehr-delkenheim.de\/index.php?rest_route=\/wp\/v2\/posts\/1276","targetHints":{"allow":["GET"]}}],"collection":[{"href":"https:\/\/feuerwehr-delkenheim.de\/index.php?rest_route=\/wp\/v2\/posts"}],"about":[{"href":"https:\/\/feuerwehr-delkenheim.de\/index.php?rest_route=\/wp\/v2\/types\/post"}],"author":[{"embeddable":true,"href":"https:\/\/feuerwehr-delkenheim.de\/index.php?rest_route=\/wp\/v2\/users\/1"}],"replies":[{"embeddable":true,"href":"https:\/\/feuerwehr-delkenheim.de\/index.php?rest_route=%2Fwp%2Fv2%2Fcomments&post=1276"}],"version-history":[{"count":1,"href":"https:\/\/feuerwehr-delkenheim.de\/index.php?rest_route=\/wp\/v2\/posts\/1276\/revisions"}],"predecessor-version":[{"id":1277,"href":"https:\/\/feuerwehr-delkenheim.de\/index.php?rest_route=\/wp\/v2\/posts\/1276\/revisions\/1277"}],"wp:attachment":[{"href":"https:\/\/feuerwehr-delkenheim.de\/index.php?rest_route=%2Fwp%2Fv2%2Fmedia&parent=1276"}],"wp:term":[{"taxonomy":"category","embeddable":true,"href":"https:\/\/feuerwehr-delkenheim.de\/index.php?rest_route=%2Fwp%2Fv2%2Fcategories&post=1276"},{"taxonomy":"post_tag","embeddable":true,"href":"https:\/\/feuerwehr-delkenheim.de\/index.php?rest_route=%2Fwp%2Fv2%2Ftags&post=1276"}],"curies":[{"name":"wp","href":"https:\/\/api.w.org\/{rel}","templated":true}]}}