{"id":1279,"date":"2019-10-11T18:00:43","date_gmt":"2019-10-11T16:00:43","guid":{"rendered":"http:\/\/feuerwehr-delkenheim.de\/?p=1279"},"modified":"2019-10-22T21:28:30","modified_gmt":"2019-10-22T19:28:30","slug":"kein-brennender-pkw","status":"publish","type":"post","link":"https:\/\/feuerwehr-delkenheim.de\/?p=1279","title":{"rendered":"Kein brennender PKW"},"content":{"rendered":"\n<p>Am 11. Oktober wurden wir kurz vor Mittag zu einem vermeintlich brennenden PKW auf die A66 in Richtung Erbenheim alarmiert. Noch bevor wir richtig ausr\u00fccken konnten, bekamen wir \u00fcber Funk mitgeteilt, dass es dort nichts f\u00fcr die Feuerwehr zu tun gibt. Somit konnten wir den Einsatz abbrechen.<\/p>\n","protected":false},"excerpt":{"rendered":"<p>Am 11. Oktober wurden wir kurz vor Mittag zu einem vermeintlich brennenden PKW auf die A66 in Richtung Erbenheim alarmiert. Noch bevor wir richtig ausr\u00fccken konnten, bekamen wir \u00fcber Funk mitgeteilt, dass es dort nichts f\u00fcr die Feuerwehr zu tun &hellip; <a href=\"https:\/\/feuerwehr-delkenheim.de\/?p=1279\">Weiterlesen <span class=\"meta-nav\">&rarr;<\/span><\/a><\/p>\n","protected":false},"author":1,"featured_media":0,"comment_status":"closed","ping_status":"closed","sticky":false,"template":"","format":"standard","meta":{"jetpack_post_was_ever_published":false,"_jetpack_newsletter_access":"","_jetpack_dont_email_post_to_subs":false,"_jetpack_newsletter_tier_id":0,"_jetpack_memberships_contains_paywalled_content":false,"_jetpack_memberships_contains_paid_content":false,"footnotes":""},"categories":[3],"tags":[50],"class_list":["post-1279","post","type-post","status-publish","format-standard","hentry","category-einsatzabteilung","tag-einsatz"],"jetpack_featured_media_url":"","jetpack_sharing_enabled":true,"_links":{"self":[{"href":"https:\/\/feuerwehr-delkenheim.de\/index.php?rest_route=\/wp\/v2\/posts\/1279","targetHints":{"allow":["GET"]}}],"collection":[{"href":"https:\/\/feuerwehr-delkenheim.de\/index.php?rest_route=\/wp\/v2\/posts"}],"about":[{"href":"https:\/\/feuerwehr-delkenheim.de\/index.php?rest_route=\/wp\/v2\/types\/post"}],"author":[{"embeddable":true,"href":"https:\/\/feuerwehr-delkenheim.de\/index.php?rest_route=\/wp\/v2\/users\/1"}],"replies":[{"embeddable":true,"href":"https:\/\/feuerwehr-delkenheim.de\/index.php?rest_route=%2Fwp%2Fv2%2Fcomments&post=1279"}],"version-history":[{"count":1,"href":"https:\/\/feuerwehr-delkenheim.de\/index.php?rest_route=\/wp\/v2\/posts\/1279\/revisions"}],"predecessor-version":[{"id":1280,"href":"https:\/\/feuerwehr-delkenheim.de\/index.php?rest_route=\/wp\/v2\/posts\/1279\/revisions\/1280"}],"wp:attachment":[{"href":"https:\/\/feuerwehr-delkenheim.de\/index.php?rest_route=%2Fwp%2Fv2%2Fmedia&parent=1279"}],"wp:term":[{"taxonomy":"category","embeddable":true,"href":"https:\/\/feuerwehr-delkenheim.de\/index.php?rest_route=%2Fwp%2Fv2%2Fcategories&post=1279"},{"taxonomy":"post_tag","embeddable":true,"href":"https:\/\/feuerwehr-delkenheim.de\/index.php?rest_route=%2Fwp%2Fv2%2Ftags&post=1279"}],"curies":[{"name":"wp","href":"https:\/\/api.w.org\/{rel}","templated":true}]}}