{"id":1281,"date":"2019-10-22T20:00:51","date_gmt":"2019-10-22T18:00:51","guid":{"rendered":"http:\/\/feuerwehr-delkenheim.de\/?p=1281"},"modified":"2019-10-22T21:55:32","modified_gmt":"2019-10-22T19:55:32","slug":"verkehrsunfall-zwischen-zwei-lastkraftwagen","status":"publish","type":"post","link":"https:\/\/feuerwehr-delkenheim.de\/?p=1281","title":{"rendered":"Verkehrsunfall zwischen zwei Lastkraftwagen"},"content":{"rendered":"\n<div class=\"wp-block-image\"><figure class=\"alignright is-resized\"><img loading=\"lazy\" decoding=\"async\" src=\"https:\/\/feuerwehr-delkenheim.de\/wp-content\/uploads\/2019\/10\/wp-1571773803472-498x1024.jpg\" alt=\"\" class=\"wp-image-1283\" width=\"249\" height=\"512\" srcset=\"https:\/\/feuerwehr-delkenheim.de\/wp-content\/uploads\/2019\/10\/wp-1571773803472-498x1024.jpg 498w, https:\/\/feuerwehr-delkenheim.de\/wp-content\/uploads\/2019\/10\/wp-1571773803472-146x300.jpg 146w, https:\/\/feuerwehr-delkenheim.de\/wp-content\/uploads\/2019\/10\/wp-1571773803472.jpg 687w\" sizes=\"auto, (max-width: 249px) 100vw, 249px\" \/><\/figure><\/div>\n\n\n\n<p>Am 22. Oktober wurden wir kurz vor 11 Uhr alarmiert. Vermutlich zu einem Verkehrsunfall zwischen zwei LKW auf der A3 zwischen Wiesbadener Kreuz und Rastst\u00e4tte Medenbach. Tats\u00e4chlich aber konnte die Leitstelle weder exakt in Erfahrung bringen, in welchem Autobahnabschnitt, noch in welcher Fahrtrichtung der A3 sich der Unfall ereignete. Noch dazu wurden wir von einem parkenden PKW vor dem Tor des Feuerwehrger\u00e4tehauses behindert.<\/p>\n\n\n\n<p>Wie sich bei der Erkundung herausstellte, befand sich die Einsatzstelle zwischen der Rastst\u00e4tte Medenbach und Niedernhausen. Somit nicht mehr in unserem Abschnitt, aber eben doch kurz dahinter. Da es keinen Sinn macht, die hier zust\u00e4ndigen Kameraden aus Medenach nun noch nach zu alarmieren, wo wir doch nun nur noch ein St\u00fcck weiter fahren mussten, kamen wir kurz nach der Berufsfeuerwehr an der Einsatzstelle an, k\u00fcmmerten uns zun\u00e4chst im die Absicherung der Unfallstelle und stellten dann den Brandschutz w\u00e4hrend den Ma\u00dfnahmen der technischen Rettung des eingeklemmten Fahrers sicher.<\/p>\n\n\n\n<div class=\"wp-block-image\"><figure class=\"alignright is-resized\"><img loading=\"lazy\" decoding=\"async\" src=\"https:\/\/feuerwehr-delkenheim.de\/wp-content\/uploads\/2019\/10\/wp-1571773823137-498x1024.jpg\" alt=\"\" class=\"wp-image-1284\" width=\"249\" height=\"512\" srcset=\"https:\/\/feuerwehr-delkenheim.de\/wp-content\/uploads\/2019\/10\/wp-1571773823137-498x1024.jpg 498w, https:\/\/feuerwehr-delkenheim.de\/wp-content\/uploads\/2019\/10\/wp-1571773823137-146x300.jpg 146w, https:\/\/feuerwehr-delkenheim.de\/wp-content\/uploads\/2019\/10\/wp-1571773823137.jpg 687w\" sizes=\"auto, (max-width: 249px) 100vw, 249px\" \/><\/figure><\/div>\n\n\n\n<p>Nach etwa 30 Minuten war der Fahrer befreit und dem Rettungsdienst \u00fcbergeben. Nach den Aufr\u00e4umarbeiten konnten wir nach nunmehr insgesamt einer Stunde wieder einr\u00fccken.<\/p>\n\n\n\n<p>Mehr dazu auch in der <a href=\"https:\/\/www.wiesbaden.de\/microsite\/feuerwehr\/einsaetze\/index.php?showpm=true&amp;pmurl=http:\/\/www.wiesbaden.de\/guiapplications\/newsdesk\/publications\/Landeshauptstadt_Wiesbaden\/141010100000369231.php\">Meldung der Feuerwehr Wiesbaden<\/a> oder bei <a href=\"http:\/\/www.wiesbadenaktuell.de\/nachrichten\/news-detail-view\/article\/eingeklemmter-lkw-fahrer-wird-von-feuerwehr-auf-der-a3-befreit.html\">Wiesbadenaktuell.de<\/a>.<\/p>\n\n\n\n<p><\/p>\n","protected":false},"excerpt":{"rendered":"<p>Am 22. Oktober wurden wir kurz vor 11 Uhr alarmiert. Vermutlich zu einem Verkehrsunfall zwischen zwei LKW auf der A3 zwischen Wiesbadener Kreuz und Rastst\u00e4tte Medenbach. Tats\u00e4chlich aber konnte die Leitstelle weder exakt in Erfahrung bringen, in welchem Autobahnabschnitt, noch &hellip; <a href=\"https:\/\/feuerwehr-delkenheim.de\/?p=1281\">Weiterlesen <span class=\"meta-nav\">&rarr;<\/span><\/a><\/p>\n","protected":false},"author":1,"featured_media":0,"comment_status":"closed","ping_status":"closed","sticky":false,"template":"","format":"standard","meta":{"jetpack_post_was_ever_published":false,"_jetpack_newsletter_access":"","_jetpack_dont_email_post_to_subs":false,"_jetpack_newsletter_tier_id":0,"_jetpack_memberships_contains_paywalled_content":false,"_jetpack_memberships_contains_paid_content":false,"footnotes":""},"categories":[3],"tags":[50,83],"class_list":["post-1281","post","type-post","status-publish","format-standard","hentry","category-einsatzabteilung","tag-einsatz","tag-verkehrsunfall"],"jetpack_featured_media_url":"","jetpack_sharing_enabled":true,"_links":{"self":[{"href":"https:\/\/feuerwehr-delkenheim.de\/index.php?rest_route=\/wp\/v2\/posts\/1281","targetHints":{"allow":["GET"]}}],"collection":[{"href":"https:\/\/feuerwehr-delkenheim.de\/index.php?rest_route=\/wp\/v2\/posts"}],"about":[{"href":"https:\/\/feuerwehr-delkenheim.de\/index.php?rest_route=\/wp\/v2\/types\/post"}],"author":[{"embeddable":true,"href":"https:\/\/feuerwehr-delkenheim.de\/index.php?rest_route=\/wp\/v2\/users\/1"}],"replies":[{"embeddable":true,"href":"https:\/\/feuerwehr-delkenheim.de\/index.php?rest_route=%2Fwp%2Fv2%2Fcomments&post=1281"}],"version-history":[{"count":3,"href":"https:\/\/feuerwehr-delkenheim.de\/index.php?rest_route=\/wp\/v2\/posts\/1281\/revisions"}],"predecessor-version":[{"id":1286,"href":"https:\/\/feuerwehr-delkenheim.de\/index.php?rest_route=\/wp\/v2\/posts\/1281\/revisions\/1286"}],"wp:attachment":[{"href":"https:\/\/feuerwehr-delkenheim.de\/index.php?rest_route=%2Fwp%2Fv2%2Fmedia&parent=1281"}],"wp:term":[{"taxonomy":"category","embeddable":true,"href":"https:\/\/feuerwehr-delkenheim.de\/index.php?rest_route=%2Fwp%2Fv2%2Fcategories&post=1281"},{"taxonomy":"post_tag","embeddable":true,"href":"https:\/\/feuerwehr-delkenheim.de\/index.php?rest_route=%2Fwp%2Fv2%2Ftags&post=1281"}],"curies":[{"name":"wp","href":"https:\/\/api.w.org\/{rel}","templated":true}]}}