{"id":1290,"date":"2019-10-28T12:00:30","date_gmt":"2019-10-28T10:00:30","guid":{"rendered":"http:\/\/feuerwehr-delkenheim.de\/?p=1290"},"modified":"2019-10-31T19:14:13","modified_gmt":"2019-10-31T17:14:13","slug":"brennende-muellbehaelter","status":"publish","type":"post","link":"https:\/\/feuerwehr-delkenheim.de\/?p=1290","title":{"rendered":"Brennende M\u00fcllbeh\u00e4lter"},"content":{"rendered":"\n<div class=\"wp-block-image\"><figure class=\"alignright\"><img loading=\"lazy\" decoding=\"async\" width=\"300\" height=\"225\" src=\"https:\/\/feuerwehr-delkenheim.de\/wp-content\/uploads\/2019\/10\/wp-1572541225873-300x225.jpg\" alt=\"\" class=\"wp-image-1288\" srcset=\"https:\/\/feuerwehr-delkenheim.de\/wp-content\/uploads\/2019\/10\/wp-1572541225873-300x225.jpg 300w, https:\/\/feuerwehr-delkenheim.de\/wp-content\/uploads\/2019\/10\/wp-1572541225873-768x576.jpg 768w, https:\/\/feuerwehr-delkenheim.de\/wp-content\/uploads\/2019\/10\/wp-1572541225873-1024x768.jpg 1024w, https:\/\/feuerwehr-delkenheim.de\/wp-content\/uploads\/2019\/10\/wp-1572541225873-400x300.jpg 400w, https:\/\/feuerwehr-delkenheim.de\/wp-content\/uploads\/2019\/10\/wp-1572541225873.jpg 1414w\" sizes=\"auto, (max-width: 300px) 100vw, 300px\" \/><\/figure><\/div>\n\n\n\n<p>In der Nacht zum 28. Oktober gegen 03:20 (!) aus dem Schlaf geweckt, um brennende M\u00fcllbeh\u00e4lter zu l\u00f6schen. Interessanter weise handelte es sich dabei auch nicht blos um einen Brand, sondern um zwei verschiedene Einsatzstellen, die etwa 140m voneinander entfernt waren! Es brannten sowohl der M\u00fclltonnenverschlag des Hochhauses der K\u00f6lner Stra\u00dfe, sowie der Verschlag der beiden Hochh\u00e4user der Augsburger Stra\u00dfe. Somit geht auch die Polizei davon aus, dass diese beiden Br\u00e4nde nicht zuf\u00e4llig oder versehentlich zustande kamen.<\/p>\n\n\n\n<div class=\"wp-block-image\"><figure class=\"alignleft\"><img loading=\"lazy\" decoding=\"async\" width=\"146\" height=\"300\" src=\"https:\/\/feuerwehr-delkenheim.de\/wp-content\/uploads\/2019\/10\/wp-1572541136323-146x300.jpg\" alt=\"\" class=\"wp-image-1287\" srcset=\"https:\/\/feuerwehr-delkenheim.de\/wp-content\/uploads\/2019\/10\/wp-1572541136323-146x300.jpg 146w, https:\/\/feuerwehr-delkenheim.de\/wp-content\/uploads\/2019\/10\/wp-1572541136323-498x1024.jpg 498w, https:\/\/feuerwehr-delkenheim.de\/wp-content\/uploads\/2019\/10\/wp-1572541136323.jpg 687w\" sizes=\"auto, (max-width: 146px) 100vw, 146px\" \/><\/figure><\/div>\n\n\n\n<p>Wir wurden an beiden Orten gleichzeitig t\u00e4tig, an einem nat\u00fcrlich mit Unterst\u00fctztung eines Fahrzeugs der Berufsfeuerwehr. Die eigentlichen L\u00f6scharbeiten gingen relativ schnell, jedoch wurden Atemschutzger\u00e4te eingesetzt, so dass die Fahrzeuge noch in der Nacht wieder einsatzklar gemacht werden mussten, um bei weiteren Vorkommnissen wieder jederzeit verf\u00fcgbar zu sein. Dazu wurden auf der Feuerwache 2 in Kastel Ger\u00e4tschaften und Einsatzkleidung getauscht, kurz nach 5 Uhr war alles wieder an seinem Platz. <\/p>\n\n\n\n<p>Von der Delkenheimer Wehr kamen 11 Mitglieder zum Einsatz, die meisten hatten dann einen anstrengenden Arbeitstag vor sich, da ziemlich unausgeschlafen.<\/p>\n","protected":false},"excerpt":{"rendered":"<p>In der Nacht zum 28. Oktober gegen 03:20 (!) aus dem Schlaf geweckt, um brennende M\u00fcllbeh\u00e4lter zu l\u00f6schen. Interessanter weise handelte es sich dabei auch nicht blos um einen Brand, sondern um zwei verschiedene Einsatzstellen, die etwa 140m voneinander entfernt &hellip; <a href=\"https:\/\/feuerwehr-delkenheim.de\/?p=1290\">Weiterlesen <span class=\"meta-nav\">&rarr;<\/span><\/a><\/p>\n","protected":false},"author":1,"featured_media":0,"comment_status":"closed","ping_status":"closed","sticky":false,"template":"","format":"standard","meta":{"jetpack_post_was_ever_published":false,"_jetpack_newsletter_access":"","_jetpack_dont_email_post_to_subs":false,"_jetpack_newsletter_tier_id":0,"_jetpack_memberships_contains_paywalled_content":false,"_jetpack_memberships_contains_paid_content":false,"footnotes":""},"categories":[3],"tags":[42,40],"class_list":["post-1290","post","type-post","status-publish","format-standard","hentry","category-einsatzabteilung","tag-brand","tag-muellbehaelter"],"jetpack_featured_media_url":"","jetpack_sharing_enabled":true,"_links":{"self":[{"href":"https:\/\/feuerwehr-delkenheim.de\/index.php?rest_route=\/wp\/v2\/posts\/1290","targetHints":{"allow":["GET"]}}],"collection":[{"href":"https:\/\/feuerwehr-delkenheim.de\/index.php?rest_route=\/wp\/v2\/posts"}],"about":[{"href":"https:\/\/feuerwehr-delkenheim.de\/index.php?rest_route=\/wp\/v2\/types\/post"}],"author":[{"embeddable":true,"href":"https:\/\/feuerwehr-delkenheim.de\/index.php?rest_route=\/wp\/v2\/users\/1"}],"replies":[{"embeddable":true,"href":"https:\/\/feuerwehr-delkenheim.de\/index.php?rest_route=%2Fwp%2Fv2%2Fcomments&post=1290"}],"version-history":[{"count":3,"href":"https:\/\/feuerwehr-delkenheim.de\/index.php?rest_route=\/wp\/v2\/posts\/1290\/revisions"}],"predecessor-version":[{"id":1293,"href":"https:\/\/feuerwehr-delkenheim.de\/index.php?rest_route=\/wp\/v2\/posts\/1290\/revisions\/1293"}],"wp:attachment":[{"href":"https:\/\/feuerwehr-delkenheim.de\/index.php?rest_route=%2Fwp%2Fv2%2Fmedia&parent=1290"}],"wp:term":[{"taxonomy":"category","embeddable":true,"href":"https:\/\/feuerwehr-delkenheim.de\/index.php?rest_route=%2Fwp%2Fv2%2Fcategories&post=1290"},{"taxonomy":"post_tag","embeddable":true,"href":"https:\/\/feuerwehr-delkenheim.de\/index.php?rest_route=%2Fwp%2Fv2%2Ftags&post=1290"}],"curies":[{"name":"wp","href":"https:\/\/api.w.org\/{rel}","templated":true}]}}