{"id":1367,"date":"2020-05-29T23:00:00","date_gmt":"2020-05-29T21:00:00","guid":{"rendered":"https:\/\/feuerwehr-delkenheim.de\/?p=1367"},"modified":"2020-05-30T20:19:25","modified_gmt":"2020-05-30T18:19:25","slug":"erster-uebungsabend-seit-corona","status":"publish","type":"post","link":"https:\/\/feuerwehr-delkenheim.de\/?p=1367","title":{"rendered":"Erster \u00dcbungsabend seit Corona"},"content":{"rendered":"\n<p>Am Abend des 29. Mai durften wir uns erstmals nach nunmehr 12 Wochen wieder eingeschr\u00e4nkt treffen. Diese treffen unterliegen aber noch sehr vielen und strengen Auflagen. Wir nutzten es, um uns erst mal auf den aktuellen Stand der Dinge zu bringen. Mittlerweile hat sich einiges bewegt und es gibt zahlreiche Corona-bedingte Regelungen. In unserem Ger\u00e4tehaus wurden Reinigungsmittel, Desinfektionsmittel und Masken unterschiedlicher Art bereit gelegt, so dass wir nun auch wieder grunds\u00e4tzlich in den \u00dcbungsdienst einsteigen k\u00f6nnen, jedoch nur in Verbindung mit dem Tragen von Masken und gr\u00f6\u00dftm\u00f6glicher Vorsicht, Distanzierung und nur der n\u00f6tigsten Besetzung von Fahrzeugen. Mit diesen Bedingungen w\u00fcrden auch Eins\u00e4tze ablaufen.<\/p>\n\n\n\n<p>Da wir durch die coronabedingte \u00c4nderung der Alarm- und Ausr\u00fcckeordnung vor 12 Wochen nur noch zu Eins\u00e4tzen ab einer bestimmten Gr\u00f6\u00dfe und Gefahr gerufen worden w\u00e4ren, blieb diese Zeit f\u00fcr uns auch einsatzfrei. Diese Regelung wurde bisher auch nicht ver\u00e4ndert.<\/p>\n\n\n\n<p>Einige B\u00fcrger bemerkten bereits, wenn die Feuerwehr in Delkenheim gebraucht wurde, sie etwas sp\u00e4ter eintraf und nur durch die Berufsfeuerwehr vertreten war, denn es handelte sich immer &#8222;nur&#8220; um einen Brandverdacht, eine Brandmeldeanlage oder eben einen Kleinbrand (darunter f\u00e4llt auch ein brennender PKW).<\/p>\n\n\n\n<p>Auch f\u00fcr den Betrieb der Jugendfeuerwehr gibt es bisher keine Vorgaben und so ist dieser auch weiterhin noch ausgesetzt.<\/p>\n","protected":false},"excerpt":{"rendered":"<p>Am Abend des 29. Mai durften wir uns erstmals nach nunmehr 12 Wochen wieder eingeschr\u00e4nkt treffen. Diese treffen unterliegen aber noch sehr vielen und strengen Auflagen. Wir nutzten es, um uns erst mal auf den aktuellen Stand der Dinge zu &hellip; <a href=\"https:\/\/feuerwehr-delkenheim.de\/?p=1367\">Weiterlesen <span class=\"meta-nav\">&rarr;<\/span><\/a><\/p>\n","protected":false},"author":1,"featured_media":0,"comment_status":"closed","ping_status":"closed","sticky":false,"template":"","format":"standard","meta":{"jetpack_post_was_ever_published":false,"_jetpack_newsletter_access":"","_jetpack_dont_email_post_to_subs":false,"_jetpack_newsletter_tier_id":0,"_jetpack_memberships_contains_paywalled_content":false,"_jetpack_memberships_contains_paid_content":false,"footnotes":""},"categories":[2,3,4],"tags":[101],"class_list":["post-1367","post","type-post","status-publish","format-standard","hentry","category-allgemein","category-einsatzabteilung","category-jugendfeuerwehr","tag-coronavirus"],"jetpack_featured_media_url":"","jetpack_sharing_enabled":true,"_links":{"self":[{"href":"https:\/\/feuerwehr-delkenheim.de\/index.php?rest_route=\/wp\/v2\/posts\/1367","targetHints":{"allow":["GET"]}}],"collection":[{"href":"https:\/\/feuerwehr-delkenheim.de\/index.php?rest_route=\/wp\/v2\/posts"}],"about":[{"href":"https:\/\/feuerwehr-delkenheim.de\/index.php?rest_route=\/wp\/v2\/types\/post"}],"author":[{"embeddable":true,"href":"https:\/\/feuerwehr-delkenheim.de\/index.php?rest_route=\/wp\/v2\/users\/1"}],"replies":[{"embeddable":true,"href":"https:\/\/feuerwehr-delkenheim.de\/index.php?rest_route=%2Fwp%2Fv2%2Fcomments&post=1367"}],"version-history":[{"count":1,"href":"https:\/\/feuerwehr-delkenheim.de\/index.php?rest_route=\/wp\/v2\/posts\/1367\/revisions"}],"predecessor-version":[{"id":1368,"href":"https:\/\/feuerwehr-delkenheim.de\/index.php?rest_route=\/wp\/v2\/posts\/1367\/revisions\/1368"}],"wp:attachment":[{"href":"https:\/\/feuerwehr-delkenheim.de\/index.php?rest_route=%2Fwp%2Fv2%2Fmedia&parent=1367"}],"wp:term":[{"taxonomy":"category","embeddable":true,"href":"https:\/\/feuerwehr-delkenheim.de\/index.php?rest_route=%2Fwp%2Fv2%2Fcategories&post=1367"},{"taxonomy":"post_tag","embeddable":true,"href":"https:\/\/feuerwehr-delkenheim.de\/index.php?rest_route=%2Fwp%2Fv2%2Ftags&post=1367"}],"curies":[{"name":"wp","href":"https:\/\/api.w.org\/{rel}","templated":true}]}}