{"id":1372,"date":"2020-06-17T21:00:00","date_gmt":"2020-06-17T19:00:00","guid":{"rendered":"https:\/\/feuerwehr-delkenheim.de\/?p=1372"},"modified":"2020-06-17T20:52:49","modified_gmt":"2020-06-17T18:52:49","slug":"unwetterbedingte-einsaetze","status":"publish","type":"post","link":"https:\/\/feuerwehr-delkenheim.de\/?p=1372","title":{"rendered":"Unwetterbedingte Eins\u00e4tze"},"content":{"rendered":"\n<div class=\"wp-block-image\"><figure class=\"alignright size-medium\"><img loading=\"lazy\" decoding=\"async\" width=\"300\" height=\"225\" src=\"https:\/\/feuerwehr-delkenheim.de\/wp-content\/uploads\/2020\/06\/wp-1592412797979-300x225.jpg\" alt=\"BMA Abbott\" class=\"wp-image-1370\" srcset=\"https:\/\/feuerwehr-delkenheim.de\/wp-content\/uploads\/2020\/06\/wp-1592412797979-300x225.jpg 300w, https:\/\/feuerwehr-delkenheim.de\/wp-content\/uploads\/2020\/06\/wp-1592412797979-1024x769.jpg 1024w, https:\/\/feuerwehr-delkenheim.de\/wp-content\/uploads\/2020\/06\/wp-1592412797979-768x577.jpg 768w, https:\/\/feuerwehr-delkenheim.de\/wp-content\/uploads\/2020\/06\/wp-1592412797979-1536x1154.jpg 1536w, https:\/\/feuerwehr-delkenheim.de\/wp-content\/uploads\/2020\/06\/wp-1592412797979-399x300.jpg 399w, https:\/\/feuerwehr-delkenheim.de\/wp-content\/uploads\/2020\/06\/wp-1592412797979.jpg 1920w\" sizes=\"auto, (max-width: 300px) 100vw, 300px\" \/><\/figure><\/div>\n\n\n\n<p>Am sp\u00e4ten Nachmittag des 17. Juni formte sich spontan ein Gewitter, welches von S\u00fcdosten her zun\u00e4chst \u00fcber Delkenheim und weiter in Richtung Nordwesten zog. Hierbei kam es kurzzeitig zu heftigem Starkregen mit kr\u00e4ftigen Windb\u00f6en, so dass zahlreiche \u00c4ste abbrachen und auf die Sta\u00dfen vielen und das Einsatzaufkommen in Wiesbaden spontan etwas h\u00f6her war. So l\u00f6ste wohl auch durch das Unwetter die Brandmeldeanlage in einem Geb\u00e4ude der Firma Abbott aus, zu deren Kontrolle wir alarmiert wurden. Vor Ort konnte aber nichts festgestellt werden und so wurde die Anlage zur\u00fcckgesetzt und wieder scharf geschaltet.<\/p>\n\n\n\n<p>Kurz vor Erreichen des Ger\u00e4tehauses l\u00f6ste man aber dann einen Unwetteralarm f\u00fcr mehrere Freiwillige Feuerwehren aus und teilte den Fahrzeugen diverse Einsatzstellen in Erbenheim zu. Auch wir begaben uns dann nach Erbenheim um uns einem gr\u00f6\u00dferen Wasserschaden nach dem Starkregen anzunehmen. Hierzu war auch unser MTF und die Unwetterkomponente erforderlich.<\/p>\n\n\n\n<figure class=\"wp-block-image size-large\"><img loading=\"lazy\" decoding=\"async\" width=\"1024\" height=\"769\" src=\"https:\/\/feuerwehr-delkenheim.de\/wp-content\/uploads\/2020\/06\/wp-1592412907463-1024x769.jpg\" alt=\"Wasserschaden\" class=\"wp-image-1371\" srcset=\"https:\/\/feuerwehr-delkenheim.de\/wp-content\/uploads\/2020\/06\/wp-1592412907463-1024x769.jpg 1024w, https:\/\/feuerwehr-delkenheim.de\/wp-content\/uploads\/2020\/06\/wp-1592412907463-300x225.jpg 300w, https:\/\/feuerwehr-delkenheim.de\/wp-content\/uploads\/2020\/06\/wp-1592412907463-768x577.jpg 768w, https:\/\/feuerwehr-delkenheim.de\/wp-content\/uploads\/2020\/06\/wp-1592412907463-1536x1154.jpg 1536w, https:\/\/feuerwehr-delkenheim.de\/wp-content\/uploads\/2020\/06\/wp-1592412907463-399x300.jpg 399w, https:\/\/feuerwehr-delkenheim.de\/wp-content\/uploads\/2020\/06\/wp-1592412907463.jpg 1920w\" sizes=\"auto, (max-width: 1024px) 100vw, 1024px\" \/><\/figure>\n\n\n\n<p>W\u00e4hrend wir in Erbenheim t\u00e4tig waren, wurde eine andere freiwillige Feuerwehr zu einer umgest\u00fcrtzen Tanne in die M\u00fcnchener Stra\u00dfe geschickt. Nach einer weiteren kleineren Einsatzstelle in Erbenheim wurden wir noch einmal an einem Wasserschaden in Delkenheim t\u00e4tig.<\/p>\n\n\n\n<p>Nach ca 4 Stunden konnten wir dann einr\u00fccken, mussten uns allerdings noch um das S\u00e4ubern der Ger\u00e4tschaften k\u00fcmmern.<\/p>\n","protected":false},"excerpt":{"rendered":"<p>Am sp\u00e4ten Nachmittag des 17. Juni formte sich spontan ein Gewitter, welches von S\u00fcdosten her zun\u00e4chst \u00fcber Delkenheim und weiter in Richtung Nordwesten zog. Hierbei kam es kurzzeitig zu heftigem Starkregen mit kr\u00e4ftigen Windb\u00f6en, so dass zahlreiche \u00c4ste abbrachen und &hellip; <a href=\"https:\/\/feuerwehr-delkenheim.de\/?p=1372\">Weiterlesen <span class=\"meta-nav\">&rarr;<\/span><\/a><\/p>\n","protected":false},"author":1,"featured_media":0,"comment_status":"closed","ping_status":"closed","sticky":false,"template":"","format":"standard","meta":{"jetpack_post_was_ever_published":false,"_jetpack_newsletter_access":"","_jetpack_dont_email_post_to_subs":false,"_jetpack_newsletter_tier_id":0,"_jetpack_memberships_contains_paywalled_content":false,"_jetpack_memberships_contains_paid_content":false,"footnotes":""},"categories":[3],"tags":[102,50,49,103],"class_list":["post-1372","post","type-post","status-publish","format-standard","hentry","category-einsatzabteilung","tag-brandmeldeanlage","tag-einsatz","tag-unwetter","tag-wasserschaden"],"jetpack_featured_media_url":"","jetpack_sharing_enabled":true,"_links":{"self":[{"href":"https:\/\/feuerwehr-delkenheim.de\/index.php?rest_route=\/wp\/v2\/posts\/1372","targetHints":{"allow":["GET"]}}],"collection":[{"href":"https:\/\/feuerwehr-delkenheim.de\/index.php?rest_route=\/wp\/v2\/posts"}],"about":[{"href":"https:\/\/feuerwehr-delkenheim.de\/index.php?rest_route=\/wp\/v2\/types\/post"}],"author":[{"embeddable":true,"href":"https:\/\/feuerwehr-delkenheim.de\/index.php?rest_route=\/wp\/v2\/users\/1"}],"replies":[{"embeddable":true,"href":"https:\/\/feuerwehr-delkenheim.de\/index.php?rest_route=%2Fwp%2Fv2%2Fcomments&post=1372"}],"version-history":[{"count":4,"href":"https:\/\/feuerwehr-delkenheim.de\/index.php?rest_route=\/wp\/v2\/posts\/1372\/revisions"}],"predecessor-version":[{"id":1377,"href":"https:\/\/feuerwehr-delkenheim.de\/index.php?rest_route=\/wp\/v2\/posts\/1372\/revisions\/1377"}],"wp:attachment":[{"href":"https:\/\/feuerwehr-delkenheim.de\/index.php?rest_route=%2Fwp%2Fv2%2Fmedia&parent=1372"}],"wp:term":[{"taxonomy":"category","embeddable":true,"href":"https:\/\/feuerwehr-delkenheim.de\/index.php?rest_route=%2Fwp%2Fv2%2Fcategories&post=1372"},{"taxonomy":"post_tag","embeddable":true,"href":"https:\/\/feuerwehr-delkenheim.de\/index.php?rest_route=%2Fwp%2Fv2%2Ftags&post=1372"}],"curies":[{"name":"wp","href":"https:\/\/api.w.org\/{rel}","templated":true}]}}