{"id":1390,"date":"2020-07-11T18:00:00","date_gmt":"2020-07-11T16:00:00","guid":{"rendered":"https:\/\/feuerwehr-delkenheim.de\/?p=1390"},"modified":"2020-07-11T21:20:39","modified_gmt":"2020-07-11T19:20:39","slug":"erstes-treffen-der-jugendfeuerwehr-seit-corona","status":"publish","type":"post","link":"https:\/\/feuerwehr-delkenheim.de\/?p=1390","title":{"rendered":"Erstes Treffen der Jugendfeuerwehr seit Corona"},"content":{"rendered":"\n<div class=\"wp-block-image\"><figure class=\"alignright size-medium\"><a href=\"https:\/\/feuerwehr-delkenheim.de\/wp-content\/uploads\/2020\/07\/wp-1594493452199.jpg\"><img loading=\"lazy\" decoding=\"async\" width=\"300\" height=\"225\" src=\"https:\/\/feuerwehr-delkenheim.de\/wp-content\/uploads\/2020\/07\/wp-1594493452199-300x225.jpg\" alt=\"\" class=\"wp-image-1389\" srcset=\"https:\/\/feuerwehr-delkenheim.de\/wp-content\/uploads\/2020\/07\/wp-1594493452199-300x225.jpg 300w, https:\/\/feuerwehr-delkenheim.de\/wp-content\/uploads\/2020\/07\/wp-1594493452199-1024x768.jpg 1024w, https:\/\/feuerwehr-delkenheim.de\/wp-content\/uploads\/2020\/07\/wp-1594493452199-768x576.jpg 768w, https:\/\/feuerwehr-delkenheim.de\/wp-content\/uploads\/2020\/07\/wp-1594493452199-1536x1152.jpg 1536w, https:\/\/feuerwehr-delkenheim.de\/wp-content\/uploads\/2020\/07\/wp-1594493452199-400x300.jpg 400w, https:\/\/feuerwehr-delkenheim.de\/wp-content\/uploads\/2020\/07\/wp-1594493452199.jpg 1920w\" sizes=\"auto, (max-width: 300px) 100vw, 300px\" \/><\/a><\/figure><\/div>\n\n\n\n<p>Am Freitag, den 10. Juli war es soweit, dass auch die Jugendlichen der Jugendfeuerwehr Wiesbaden-Delkenheim sich wieder zum \u00dcbungsdienst treffen konnten. Allerdings gelten nat\u00fcrlich sehr hohe Hygienestandards, Abstandsregeln und auch eine Maske sowie nat\u00fcrlich Handschuhe geh\u00f6ren dazu.<\/p>\n\n\n\n<p>Klassisch f\u00fcr die Jugendfeuerwehr geh\u00f6rt da nat\u00fcrlich auch dazu, dass nach den Wintermonaten und der langen Corona-Pause oft die Kleidung nicht mehr die passende Gr\u00f6\u00dfe hat. Gl\u00fccklicherweise waren wir mitte Februar noch mit einigen Jugendlichen zum Tausch von Dienstkleidung in der Kleiderkammer, sonst w\u00e4re das Problem deutlich gr\u00f6\u00dfer. Aktuell ist die n\u00f6tige Prozedur dazu weitaus aufw\u00e4ndiger als sie es vor Corona war.<\/p>\n\n\n\n<p>Zum Einstieg und wegen der Sommerferien waren auch nur 7 Jugendliche anwesend, so dass wir das sehr gut aufteilen konnten in drei Trupps, zwei zum Aufbau einer Saugleitung und ein 3er Trupp zum Bau eines behelfsm\u00e4\u00dfigem Wasserbeckens. Hiermit wurde dann anschaulich erkl\u00e4rt, wie man eine asynchrone Wasserversorgung bereitstellen kann, wie sie unter anderem bei Vegetationsbr\u00e4nden n\u00fctzlich sein kann.<\/p>\n\n\n\n<p>Die Jugendfeuerwehr besteht aus Jugendlichen im Alter von 10 bis 17 Jahren, die sich normalerweise jeden Freitag von 18 bis 20 Uhr treffen. Wegen unseren Corona-Auflagen kann es sein, dass wir die Gesamtgruppe demn\u00e4chst in zwei kleinere Gruppen splitten m\u00fcssen und dann entweder einen zweiten Wochentag mit anbieten oder pro Gruppen einen 14-t\u00e4gigen Rythmus vorgeben. Erfahrungsgem\u00e4\u00df wird das aber die Sommerferien \u00fcber noch nicht n\u00f6tig werden. Infos gibt es hier auf der Homepage und Kontakt erh\u00e4lt man unter <a href=\"mailto:jugend@feuerwehr-delkenheim.de\" target=\"_blank\" rel=\"noreferrer noopener\">jugend@feuerwehr-delkenheim.de<\/a>.<\/p>\n","protected":false},"excerpt":{"rendered":"<p>Am Freitag, den 10. Juli war es soweit, dass auch die Jugendlichen der Jugendfeuerwehr Wiesbaden-Delkenheim sich wieder zum \u00dcbungsdienst treffen konnten. Allerdings gelten nat\u00fcrlich sehr hohe Hygienestandards, Abstandsregeln und auch eine Maske sowie nat\u00fcrlich Handschuhe geh\u00f6ren dazu. Klassisch f\u00fcr die &hellip; <a href=\"https:\/\/feuerwehr-delkenheim.de\/?p=1390\">Weiterlesen <span class=\"meta-nav\">&rarr;<\/span><\/a><\/p>\n","protected":false},"author":1,"featured_media":0,"comment_status":"closed","ping_status":"closed","sticky":false,"template":"","format":"standard","meta":{"jetpack_post_was_ever_published":false,"_jetpack_newsletter_access":"","_jetpack_dont_email_post_to_subs":false,"_jetpack_newsletter_tier_id":0,"_jetpack_memberships_contains_paywalled_content":false,"_jetpack_memberships_contains_paid_content":false,"footnotes":""},"categories":[4],"tags":[101],"class_list":["post-1390","post","type-post","status-publish","format-standard","hentry","category-jugendfeuerwehr","tag-coronavirus"],"jetpack_featured_media_url":"","jetpack_sharing_enabled":true,"_links":{"self":[{"href":"https:\/\/feuerwehr-delkenheim.de\/index.php?rest_route=\/wp\/v2\/posts\/1390","targetHints":{"allow":["GET"]}}],"collection":[{"href":"https:\/\/feuerwehr-delkenheim.de\/index.php?rest_route=\/wp\/v2\/posts"}],"about":[{"href":"https:\/\/feuerwehr-delkenheim.de\/index.php?rest_route=\/wp\/v2\/types\/post"}],"author":[{"embeddable":true,"href":"https:\/\/feuerwehr-delkenheim.de\/index.php?rest_route=\/wp\/v2\/users\/1"}],"replies":[{"embeddable":true,"href":"https:\/\/feuerwehr-delkenheim.de\/index.php?rest_route=%2Fwp%2Fv2%2Fcomments&post=1390"}],"version-history":[{"count":4,"href":"https:\/\/feuerwehr-delkenheim.de\/index.php?rest_route=\/wp\/v2\/posts\/1390\/revisions"}],"predecessor-version":[{"id":1394,"href":"https:\/\/feuerwehr-delkenheim.de\/index.php?rest_route=\/wp\/v2\/posts\/1390\/revisions\/1394"}],"wp:attachment":[{"href":"https:\/\/feuerwehr-delkenheim.de\/index.php?rest_route=%2Fwp%2Fv2%2Fmedia&parent=1390"}],"wp:term":[{"taxonomy":"category","embeddable":true,"href":"https:\/\/feuerwehr-delkenheim.de\/index.php?rest_route=%2Fwp%2Fv2%2Fcategories&post=1390"},{"taxonomy":"post_tag","embeddable":true,"href":"https:\/\/feuerwehr-delkenheim.de\/index.php?rest_route=%2Fwp%2Fv2%2Ftags&post=1390"}],"curies":[{"name":"wp","href":"https:\/\/api.w.org\/{rel}","templated":true}]}}