{"id":1398,"date":"2020-07-04T10:00:00","date_gmt":"2020-07-04T08:00:00","guid":{"rendered":"https:\/\/feuerwehr-delkenheim.de\/?p=1398"},"modified":"2020-07-15T18:43:50","modified_gmt":"2020-07-15T16:43:50","slug":"uebungsdienste-der-einsatzabteilung","status":"publish","type":"post","link":"https:\/\/feuerwehr-delkenheim.de\/?p=1398","title":{"rendered":"\u00dcbungsdienste der Einsatzabteilung"},"content":{"rendered":"\n<div class=\"wp-block-image\"><figure class=\"alignright size-medium\"><a href=\"https:\/\/feuerwehr-delkenheim.de\/wp-content\/uploads\/2020\/07\/wp-1594829699017.jpg\"><img loading=\"lazy\" decoding=\"async\" width=\"300\" height=\"225\" src=\"https:\/\/feuerwehr-delkenheim.de\/wp-content\/uploads\/2020\/07\/wp-1594829699017-300x225.jpg\" alt=\"\" class=\"wp-image-1395\" srcset=\"https:\/\/feuerwehr-delkenheim.de\/wp-content\/uploads\/2020\/07\/wp-1594829699017-300x225.jpg 300w, https:\/\/feuerwehr-delkenheim.de\/wp-content\/uploads\/2020\/07\/wp-1594829699017-1024x768.jpg 1024w, https:\/\/feuerwehr-delkenheim.de\/wp-content\/uploads\/2020\/07\/wp-1594829699017-768x576.jpg 768w, https:\/\/feuerwehr-delkenheim.de\/wp-content\/uploads\/2020\/07\/wp-1594829699017-1536x1152.jpg 1536w, https:\/\/feuerwehr-delkenheim.de\/wp-content\/uploads\/2020\/07\/wp-1594829699017-400x300.jpg 400w, https:\/\/feuerwehr-delkenheim.de\/wp-content\/uploads\/2020\/07\/wp-1594829699017.jpg 1920w\" sizes=\"auto, (max-width: 300px) 100vw, 300px\" \/><\/a><\/figure><\/div>\n\n\n\n<p>Da wir wegen des &#8222;Corona-Lockdown&#8220; zwischen M\u00e4rz und Juni keine \u00dcbungsdienste abhalten konnten und wir nun auch direkt seit Juni drei Eins\u00e4tze fahren durften, fehlt es dem Einen oder Anderen an \u00dcbung. Mitglieder mit Maschinistenausbildung, welche die Pumpe im Fahrzeug nun schon lange nicht mehr bedient haben, sollten die Vertrautheit und den Umgang damit regelm\u00e4ssig auffrischen und \u00fcben. Daher bauten wir eine Wasserversorgung mittels Saugleitung aus dem Wickerbach auf, so dass man alle Tricks und Kniffe beim Umgang mit der Pumpe und dem Fahrzeugtank ausprobieren konnte. Das entnommene Wasser wurde nat\u00fcrlich auf der anderen Seite auch wieder zur\u00fcck in den Wickerbach gepumpt.<\/p>\n\n\n\n<div class=\"wp-block-image\"><figure class=\"alignleft size-medium\"><a href=\"https:\/\/feuerwehr-delkenheim.de\/wp-content\/uploads\/2020\/07\/wp-1594829867026.jpg\"><img loading=\"lazy\" decoding=\"async\" width=\"225\" height=\"300\" src=\"https:\/\/feuerwehr-delkenheim.de\/wp-content\/uploads\/2020\/07\/wp-1594829867026-225x300.jpg\" alt=\"\" class=\"wp-image-1396\" srcset=\"https:\/\/feuerwehr-delkenheim.de\/wp-content\/uploads\/2020\/07\/wp-1594829867026-225x300.jpg 225w, https:\/\/feuerwehr-delkenheim.de\/wp-content\/uploads\/2020\/07\/wp-1594829867026-768x1024.jpg 768w, https:\/\/feuerwehr-delkenheim.de\/wp-content\/uploads\/2020\/07\/wp-1594829867026-1152x1536.jpg 1152w, https:\/\/feuerwehr-delkenheim.de\/wp-content\/uploads\/2020\/07\/wp-1594829867026.jpg 1440w\" sizes=\"auto, (max-width: 225px) 100vw, 225px\" \/><\/a><\/figure><\/div>\n\n\n\n<p>Eine Woche sp\u00e4ter war der Mittelpunkt der Ausbildung der Umgang mit den Atemschutzger\u00e4ten. Da beinahe alle im Fahrzeug verladenen Atemschutzger\u00e4te ohnehin in K\u00fcrze zur routinem\u00e4ssigen Intervallpr\u00fcfung in die Atemschutzwerkstatt bei der Berufsfeuerwehr h\u00e4tten gebracht werden m\u00fcssen, war es naheliegend, sie f\u00fcr eine \u00dcbung einzusetzen. So wurde im eigenen Ger\u00e4tehaus eine Art Parcour geschaffen. Die Atemschutzger\u00e4te mussten vollst\u00e4ndig angelegt werden, mit diesen die Leiter hoch gestiegen werden, durch das Treppenhaus wieder nach unten, Schl\u00e4uche mussten gerollt werden und Knoten gebunden. Dann ging es wieder von vorne los. Auch die Kameraden, die keine Eignung oder Ausbildung zum Tragen von Atemschutzger\u00e4ten haben, mussten den Parkour absolvieren, nat\u00fcrlich dann ohne Atemschutzger\u00e4t.<\/p>\n\n\n\n<p>Die Einsatzabteilung der Freiwilligen Feuerwehr Wiesbaden-Delkenheim trifft sich jeden Freitag von 20 bis 22 Uhr und ben\u00f6tigt praktisch st\u00e4ndig weitere Mitglieder, gleich ob m\u00e4nnlich oder weiblich. Neugierige und Interessierte ab 17 Jahren k\u00f6nnen jederzeit gerne Freitags um 20 Uhr vorbei schauen oder sich per E-Mail an <a rel=\"noreferrer noopener\" href=\"mailto:wehrfuehrung@feuerwehr-delkenheim.de\" target=\"_blank\">wehrfuehrung@feuerwehr-delkenheim.de<\/a> erkundigen.<\/p>\n","protected":false},"excerpt":{"rendered":"<p>Da wir wegen des &#8222;Corona-Lockdown&#8220; zwischen M\u00e4rz und Juni keine \u00dcbungsdienste abhalten konnten und wir nun auch direkt seit Juni drei Eins\u00e4tze fahren durften, fehlt es dem Einen oder Anderen an \u00dcbung. Mitglieder mit Maschinistenausbildung, welche die Pumpe im Fahrzeug &hellip; <a href=\"https:\/\/feuerwehr-delkenheim.de\/?p=1398\">Weiterlesen <span class=\"meta-nav\">&rarr;<\/span><\/a><\/p>\n","protected":false},"author":1,"featured_media":0,"comment_status":"closed","ping_status":"closed","sticky":false,"template":"","format":"standard","meta":{"jetpack_post_was_ever_published":false,"_jetpack_newsletter_access":"","_jetpack_dont_email_post_to_subs":false,"_jetpack_newsletter_tier_id":0,"_jetpack_memberships_contains_paywalled_content":false,"_jetpack_memberships_contains_paid_content":false,"footnotes":""},"categories":[3],"tags":[101],"class_list":["post-1398","post","type-post","status-publish","format-standard","hentry","category-einsatzabteilung","tag-coronavirus"],"jetpack_featured_media_url":"","jetpack_sharing_enabled":true,"_links":{"self":[{"href":"https:\/\/feuerwehr-delkenheim.de\/index.php?rest_route=\/wp\/v2\/posts\/1398","targetHints":{"allow":["GET"]}}],"collection":[{"href":"https:\/\/feuerwehr-delkenheim.de\/index.php?rest_route=\/wp\/v2\/posts"}],"about":[{"href":"https:\/\/feuerwehr-delkenheim.de\/index.php?rest_route=\/wp\/v2\/types\/post"}],"author":[{"embeddable":true,"href":"https:\/\/feuerwehr-delkenheim.de\/index.php?rest_route=\/wp\/v2\/users\/1"}],"replies":[{"embeddable":true,"href":"https:\/\/feuerwehr-delkenheim.de\/index.php?rest_route=%2Fwp%2Fv2%2Fcomments&post=1398"}],"version-history":[{"count":1,"href":"https:\/\/feuerwehr-delkenheim.de\/index.php?rest_route=\/wp\/v2\/posts\/1398\/revisions"}],"predecessor-version":[{"id":1399,"href":"https:\/\/feuerwehr-delkenheim.de\/index.php?rest_route=\/wp\/v2\/posts\/1398\/revisions\/1399"}],"wp:attachment":[{"href":"https:\/\/feuerwehr-delkenheim.de\/index.php?rest_route=%2Fwp%2Fv2%2Fmedia&parent=1398"}],"wp:term":[{"taxonomy":"category","embeddable":true,"href":"https:\/\/feuerwehr-delkenheim.de\/index.php?rest_route=%2Fwp%2Fv2%2Fcategories&post=1398"},{"taxonomy":"post_tag","embeddable":true,"href":"https:\/\/feuerwehr-delkenheim.de\/index.php?rest_route=%2Fwp%2Fv2%2Ftags&post=1398"}],"curies":[{"name":"wp","href":"https:\/\/api.w.org\/{rel}","templated":true}]}}