{"id":1456,"date":"2020-09-14T20:00:50","date_gmt":"2020-09-14T18:00:50","guid":{"rendered":"https:\/\/feuerwehr-delkenheim.de\/?p=1456"},"modified":"2020-10-10T21:14:49","modified_gmt":"2020-10-10T19:14:49","slug":"kurzer-ausflug-auf-die-a3","status":"publish","type":"post","link":"https:\/\/feuerwehr-delkenheim.de\/?p=1456","title":{"rendered":"Kurzer Ausflug auf die A3"},"content":{"rendered":"\n<p>Am fr\u00fchen Nachmittag des 14. September wurden wir zusammen mit der Freiwilligen Feuerwehr Wiesbaden-Nordenstadt zu einem B\u00f6schungsbrand auf die A3 zwischen dem Wiesbadener Kreuz und der Rastst\u00e4tte Medenbach gerufen. Dort eingetroffen, mussten wir nicht weiter t\u00e4tig werden, da eine Streife der Autobahnpolizei bereits mit einem Feuerl\u00f6scher den Entstehungsbrand gel\u00f6scht hatte.<\/p>\n","protected":false},"excerpt":{"rendered":"<p>Am fr\u00fchen Nachmittag des 14. September wurden wir zusammen mit der Freiwilligen Feuerwehr Wiesbaden-Nordenstadt zu einem B\u00f6schungsbrand auf die A3 zwischen dem Wiesbadener Kreuz und der Rastst\u00e4tte Medenbach gerufen. Dort eingetroffen, mussten wir nicht weiter t\u00e4tig werden, da eine Streife &hellip; <a href=\"https:\/\/feuerwehr-delkenheim.de\/?p=1456\">Weiterlesen <span class=\"meta-nav\">&rarr;<\/span><\/a><\/p>\n","protected":false},"author":1,"featured_media":0,"comment_status":"closed","ping_status":"closed","sticky":false,"template":"","format":"standard","meta":{"jetpack_post_was_ever_published":false,"_jetpack_newsletter_access":"","_jetpack_dont_email_post_to_subs":false,"_jetpack_newsletter_tier_id":0,"_jetpack_memberships_contains_paywalled_content":false,"_jetpack_memberships_contains_paid_content":false,"footnotes":""},"categories":[3],"tags":[69,50],"class_list":["post-1456","post","type-post","status-publish","format-standard","hentry","category-einsatzabteilung","tag-autobahn","tag-einsatz"],"jetpack_featured_media_url":"","jetpack_sharing_enabled":true,"_links":{"self":[{"href":"https:\/\/feuerwehr-delkenheim.de\/index.php?rest_route=\/wp\/v2\/posts\/1456","targetHints":{"allow":["GET"]}}],"collection":[{"href":"https:\/\/feuerwehr-delkenheim.de\/index.php?rest_route=\/wp\/v2\/posts"}],"about":[{"href":"https:\/\/feuerwehr-delkenheim.de\/index.php?rest_route=\/wp\/v2\/types\/post"}],"author":[{"embeddable":true,"href":"https:\/\/feuerwehr-delkenheim.de\/index.php?rest_route=\/wp\/v2\/users\/1"}],"replies":[{"embeddable":true,"href":"https:\/\/feuerwehr-delkenheim.de\/index.php?rest_route=%2Fwp%2Fv2%2Fcomments&post=1456"}],"version-history":[{"count":1,"href":"https:\/\/feuerwehr-delkenheim.de\/index.php?rest_route=\/wp\/v2\/posts\/1456\/revisions"}],"predecessor-version":[{"id":1457,"href":"https:\/\/feuerwehr-delkenheim.de\/index.php?rest_route=\/wp\/v2\/posts\/1456\/revisions\/1457"}],"wp:attachment":[{"href":"https:\/\/feuerwehr-delkenheim.de\/index.php?rest_route=%2Fwp%2Fv2%2Fmedia&parent=1456"}],"wp:term":[{"taxonomy":"category","embeddable":true,"href":"https:\/\/feuerwehr-delkenheim.de\/index.php?rest_route=%2Fwp%2Fv2%2Fcategories&post=1456"},{"taxonomy":"post_tag","embeddable":true,"href":"https:\/\/feuerwehr-delkenheim.de\/index.php?rest_route=%2Fwp%2Fv2%2Ftags&post=1456"}],"curies":[{"name":"wp","href":"https:\/\/api.w.org\/{rel}","templated":true}]}}