{"id":1475,"date":"2020-12-29T21:26:26","date_gmt":"2020-12-29T19:26:26","guid":{"rendered":"https:\/\/feuerwehr-delkenheim.de\/?p=1475"},"modified":"2021-01-19T17:29:35","modified_gmt":"2021-01-19T15:29:35","slug":"keine-sammlung-der-tannenbaeume","status":"publish","type":"post","link":"https:\/\/feuerwehr-delkenheim.de\/?p=1475","title":{"rendered":"Keine Sammlung der Tannenb\u00e4ume"},"content":{"rendered":"\n<div class=\"wp-block-image\"><figure class=\"alignright size-medium\"><a href=\"https:\/\/feuerwehr-delkenheim.de\/wp-content\/uploads\/2020\/12\/noChristmasTrees.png\"><img loading=\"lazy\" decoding=\"async\" width=\"300\" height=\"300\" src=\"https:\/\/feuerwehr-delkenheim.de\/wp-content\/uploads\/2020\/12\/noChristmasTrees-300x300.png\" alt=\"\" class=\"wp-image-1476\" srcset=\"https:\/\/feuerwehr-delkenheim.de\/wp-content\/uploads\/2020\/12\/noChristmasTrees-300x300.png 300w, https:\/\/feuerwehr-delkenheim.de\/wp-content\/uploads\/2020\/12\/noChristmasTrees-150x150.png 150w, https:\/\/feuerwehr-delkenheim.de\/wp-content\/uploads\/2020\/12\/noChristmasTrees.png 600w\" sizes=\"auto, (max-width: 300px) 100vw, 300px\" \/><\/a><\/figure><\/div>\n\n\n\n<p>Corona verfolgt nun schon jeden gef\u00fchlt ein Jahr lang. Auch wir sind in verschiedenen Formen davon gebeutelt. Etwa seit der Gr\u00fcndung der Jugendfeuerwehr Delkenheim im August 1983 sammeln wir schon seit Januar 1984 nunmehr 36 Jahre die Tannenb\u00e4ume. Nun wird das im Jahr 2021 erstmals nicht so sein. Dabei mussten wir uns auch nicht m\u00fchsam zu einer Entscheidung durchringen, denn bevor wir das h\u00e4tten tun k\u00f6nnen, wurde das von ganz oben so beschlossen und angeordnet.<\/p>\n\n\n\n<p>Somit sammelt 2021 in ganz Wiesbaden keine Jugendfeuerwehr die B\u00e4ume &#8211; was \u00fcbrigens auch andererorts meistens genauso entschieden wurde. Nun muss jeder seinen Baum auf eigene Faust entsorgen. M\u00f6glichkeiten neben dem selbst H\u00e4ckseln und Kompostieren geben die <a rel=\"noreferrer noopener\" href=\"https:\/\/www.elw.de\/abfall-lexikon\/entsorgungswege-fuer-weihnachtsbaeume\/\" data-type=\"URL\" data-id=\"https:\/\/www.elw.de\/abfall-lexikon\/entsorgungswege-fuer-weihnachtsbaeume\/\" target=\"_blank\">Entsorgungsbetriebe auf ihrer Homepage<\/a> zur Wahl.<\/p>\n\n\n\n<p>Einen Artikel \u00fcber die abgesagte Sammlung der Tannenb\u00e4ume schrieb k\u00fcrzlich auch der <a rel=\"noreferrer noopener\" href=\"https:\/\/www.wiesbadener-kurier.de\/lokales\/wiesbaden\/nachrichten-wiesbaden\/wiesbadener-jugendwehren-sammeln-2021-keine-weihnachtsbaume_22864181\" data-type=\"URL\" data-id=\"https:\/\/www.wiesbadener-kurier.de\/lokales\/wiesbaden\/nachrichten-wiesbaden\/wiesbadener-jugendwehren-sammeln-2021-keine-weihnachtsbaume_22864181\" target=\"_blank\">Wiesbadener Kurier<\/a> im Inverview mit unserem Stadtjugendfeuerwehrwart Uwe Waldaestel. Darin wird auch erw\u00e4hnt, dass die Absage durchaus auch einen finanzellen Verlust der Jugendfeuerwehren darstellt, die so nicht ihre traditionellen Spenden zum Jahresbeginn sammeln k\u00f6nnen. Das brachte unserem Sozialdezernenten Christoph Manjura auf die Idee, beim <a rel=\"noreferrer noopener\" href=\"https:\/\/jugendfeuerwehr-wiesbaden.de\/\" data-type=\"URL\" data-id=\"https:\/\/jugendfeuerwehr-wiesbaden.de\/\" target=\"_blank\">Stadtjugendfeuerwehrverband <\/a>anzuklopfen und kurzfristig eine zentrale Spendenm\u00f6glichkeit \u00fcber <a rel=\"noreferrer noopener\" href=\"https:\/\/www.paypal.com\/paypalme\/jfwiesbaden\" data-type=\"URL\" data-id=\"https:\/\/www.paypal.com\/paypalme\/jfwiesbaden\" target=\"_blank\">PayPal und den Stadtjugendfeuerwehrverband<\/a> zu schaffen. Im Verwendungszweck kann die gew\u00fcnschte Jugendfeuerwehr angegeben werden und der Stadtjugendfeuerwehrverband wird dann die Spenden der jeweiligen Jugendfeuerwehr geb\u00fcndelt weiter reichen. Wer in Delkenheim ebenfalls spenden m\u00f6chte, PayPal aber zu technisch ist, der kann nat\u00fcrlich auch seine \u00fcblichen Kontakte nutzen oder die Spenden wie gewohnt in einem Beutel verpackt in einem der Briefk\u00e4sten an den Adressen unter <a rel=\"noreferrer noopener\" href=\"https:\/\/feuerwehr-delkenheim.de\/?page_id=89\" data-type=\"URL\" data-id=\"https:\/\/feuerwehr-delkenheim.de\/?page_id=89\" target=\"_blank\">Kontakte <\/a>hinterlassen.<\/p>\n\n\n\n<p>Wir w\u00fcnschen in jedem Fall einen guten Start in 2021, auch ohne Tannenbaumsammlung und trotz Corona.<\/p>\n\n\n\n<p><\/p>\n","protected":false},"excerpt":{"rendered":"<p>Corona verfolgt nun schon jeden gef\u00fchlt ein Jahr lang. Auch wir sind in verschiedenen Formen davon gebeutelt. Etwa seit der Gr\u00fcndung der Jugendfeuerwehr Delkenheim im August 1983 sammeln wir schon seit Januar 1984 nunmehr 36 Jahre die Tannenb\u00e4ume. Nun wird &hellip; <a href=\"https:\/\/feuerwehr-delkenheim.de\/?p=1475\">Weiterlesen <span class=\"meta-nav\">&rarr;<\/span><\/a><\/p>\n","protected":false},"author":1,"featured_media":0,"comment_status":"closed","ping_status":"closed","sticky":false,"template":"","format":"standard","meta":{"jetpack_post_was_ever_published":false,"_jetpack_newsletter_access":"","_jetpack_dont_email_post_to_subs":false,"_jetpack_newsletter_tier_id":0,"_jetpack_memberships_contains_paywalled_content":false,"_jetpack_memberships_contains_paid_content":false,"footnotes":""},"categories":[4,5],"tags":[101,7],"class_list":["post-1475","post","type-post","status-publish","format-standard","hentry","category-jugendfeuerwehr","category-verein","tag-coronavirus","tag-tannenbaumsammlung"],"jetpack_featured_media_url":"","jetpack_sharing_enabled":true,"_links":{"self":[{"href":"https:\/\/feuerwehr-delkenheim.de\/index.php?rest_route=\/wp\/v2\/posts\/1475","targetHints":{"allow":["GET"]}}],"collection":[{"href":"https:\/\/feuerwehr-delkenheim.de\/index.php?rest_route=\/wp\/v2\/posts"}],"about":[{"href":"https:\/\/feuerwehr-delkenheim.de\/index.php?rest_route=\/wp\/v2\/types\/post"}],"author":[{"embeddable":true,"href":"https:\/\/feuerwehr-delkenheim.de\/index.php?rest_route=\/wp\/v2\/users\/1"}],"replies":[{"embeddable":true,"href":"https:\/\/feuerwehr-delkenheim.de\/index.php?rest_route=%2Fwp%2Fv2%2Fcomments&post=1475"}],"version-history":[{"count":2,"href":"https:\/\/feuerwehr-delkenheim.de\/index.php?rest_route=\/wp\/v2\/posts\/1475\/revisions"}],"predecessor-version":[{"id":1478,"href":"https:\/\/feuerwehr-delkenheim.de\/index.php?rest_route=\/wp\/v2\/posts\/1475\/revisions\/1478"}],"wp:attachment":[{"href":"https:\/\/feuerwehr-delkenheim.de\/index.php?rest_route=%2Fwp%2Fv2%2Fmedia&parent=1475"}],"wp:term":[{"taxonomy":"category","embeddable":true,"href":"https:\/\/feuerwehr-delkenheim.de\/index.php?rest_route=%2Fwp%2Fv2%2Fcategories&post=1475"},{"taxonomy":"post_tag","embeddable":true,"href":"https:\/\/feuerwehr-delkenheim.de\/index.php?rest_route=%2Fwp%2Fv2%2Ftags&post=1475"}],"curies":[{"name":"wp","href":"https:\/\/api.w.org\/{rel}","templated":true}]}}