{"id":1525,"date":"2021-02-15T22:49:00","date_gmt":"2021-02-15T20:49:00","guid":{"rendered":"https:\/\/feuerwehr-delkenheim.de\/?p=1525"},"modified":"2021-02-19T22:50:14","modified_gmt":"2021-02-19T20:50:14","slug":"doppelter-wasserschaden","status":"publish","type":"post","link":"https:\/\/feuerwehr-delkenheim.de\/?p=1525","title":{"rendered":"Doppelter Wasserschaden"},"content":{"rendered":"\n<div class=\"wp-block-image\"><figure class=\"alignright size-medium\"><a href=\"https:\/\/feuerwehr-delkenheim.de\/wp-content\/uploads\/2021\/02\/wp-1613767191185.jpg\"><img loading=\"lazy\" decoding=\"async\" width=\"300\" height=\"224\" src=\"https:\/\/feuerwehr-delkenheim.de\/wp-content\/uploads\/2021\/02\/wp-1613767191185-300x224.jpg\" alt=\"\" class=\"wp-image-1524\" srcset=\"https:\/\/feuerwehr-delkenheim.de\/wp-content\/uploads\/2021\/02\/wp-1613767191185-300x224.jpg 300w, https:\/\/feuerwehr-delkenheim.de\/wp-content\/uploads\/2021\/02\/wp-1613767191185-1024x766.jpg 1024w, https:\/\/feuerwehr-delkenheim.de\/wp-content\/uploads\/2021\/02\/wp-1613767191185-768x574.jpg 768w, https:\/\/feuerwehr-delkenheim.de\/wp-content\/uploads\/2021\/02\/wp-1613767191185-401x300.jpg 401w, https:\/\/feuerwehr-delkenheim.de\/wp-content\/uploads\/2021\/02\/wp-1613767191185.jpg 1280w\" sizes=\"auto, (max-width: 300px) 100vw, 300px\" \/><\/a><\/figure><\/div>\n\n\n\n<p>Am Abend des 15. Februar wurden wir kurz vor 21 Uhr zu einem Wasserschaden in zwei benachbarten Geb\u00e4uden im Frankenweg alarmiert. In einer in der Grundsanierung befindlichen und damit zur Zeit unbewohnter Doppelhaush\u00e4lfte platzte unbemerkt eine Wasserleitung. Durch alle Stockwerke pl\u00e4tscherte es bis in den Keller und suchte sich nach einer Weile auch den Weg zur benachbarten bewohnten Haush\u00e4lfte.<\/p>\n\n\n\n<p>Der zun\u00e4chst gerufene Notdienst der ESWE Versorgung alarmierte die Feuerwehr. Hilfeleistungseins\u00e4tze dieser Art erledigt normalerweise die Berufsfeuerwehr ohne die Freiwillige Feuerwehr. Hier jedoch wurden wir dann von der Berufsfeuerwehr zur Unterst\u00fctzung hinzugezogen, um somit die eingesetzten Ger\u00e4tschaften verdoppeln zu k\u00f6nnen und damit die gesamte Einsatzteit deutlich zu verk\u00fcrzen.<\/p>\n\n\n\n<p>Nach etwa zwei Stunden hatten wir die Keller beider H\u00e4user soweit leer gepumpt, dass unsere Pumpen und Sauger nichts mehr weiter verbessern konnten. Ab dann muss die Arbeit durch die Eigent\u00fcmer in Form von Putzlappen und Trocknungsger\u00e4ten fortgesetzt werden.<\/p>\n","protected":false},"excerpt":{"rendered":"<p>Am Abend des 15. Februar wurden wir kurz vor 21 Uhr zu einem Wasserschaden in zwei benachbarten Geb\u00e4uden im Frankenweg alarmiert. In einer in der Grundsanierung befindlichen und damit zur Zeit unbewohnter Doppelhaush\u00e4lfte platzte unbemerkt eine Wasserleitung. Durch alle Stockwerke &hellip; <a href=\"https:\/\/feuerwehr-delkenheim.de\/?p=1525\">Weiterlesen <span class=\"meta-nav\">&rarr;<\/span><\/a><\/p>\n","protected":false},"author":1,"featured_media":0,"comment_status":"closed","ping_status":"closed","sticky":false,"template":"","format":"standard","meta":{"jetpack_post_was_ever_published":false,"_jetpack_newsletter_access":"","_jetpack_dont_email_post_to_subs":false,"_jetpack_newsletter_tier_id":0,"_jetpack_memberships_contains_paywalled_content":false,"_jetpack_memberships_contains_paid_content":false,"footnotes":""},"categories":[3],"tags":[50,62,103],"class_list":["post-1525","post","type-post","status-publish","format-standard","hentry","category-einsatzabteilung","tag-einsatz","tag-hilfeleistung","tag-wasserschaden"],"jetpack_featured_media_url":"","jetpack_sharing_enabled":true,"_links":{"self":[{"href":"https:\/\/feuerwehr-delkenheim.de\/index.php?rest_route=\/wp\/v2\/posts\/1525","targetHints":{"allow":["GET"]}}],"collection":[{"href":"https:\/\/feuerwehr-delkenheim.de\/index.php?rest_route=\/wp\/v2\/posts"}],"about":[{"href":"https:\/\/feuerwehr-delkenheim.de\/index.php?rest_route=\/wp\/v2\/types\/post"}],"author":[{"embeddable":true,"href":"https:\/\/feuerwehr-delkenheim.de\/index.php?rest_route=\/wp\/v2\/users\/1"}],"replies":[{"embeddable":true,"href":"https:\/\/feuerwehr-delkenheim.de\/index.php?rest_route=%2Fwp%2Fv2%2Fcomments&post=1525"}],"version-history":[{"count":2,"href":"https:\/\/feuerwehr-delkenheim.de\/index.php?rest_route=\/wp\/v2\/posts\/1525\/revisions"}],"predecessor-version":[{"id":1527,"href":"https:\/\/feuerwehr-delkenheim.de\/index.php?rest_route=\/wp\/v2\/posts\/1525\/revisions\/1527"}],"wp:attachment":[{"href":"https:\/\/feuerwehr-delkenheim.de\/index.php?rest_route=%2Fwp%2Fv2%2Fmedia&parent=1525"}],"wp:term":[{"taxonomy":"category","embeddable":true,"href":"https:\/\/feuerwehr-delkenheim.de\/index.php?rest_route=%2Fwp%2Fv2%2Fcategories&post=1525"},{"taxonomy":"post_tag","embeddable":true,"href":"https:\/\/feuerwehr-delkenheim.de\/index.php?rest_route=%2Fwp%2Fv2%2Ftags&post=1525"}],"curies":[{"name":"wp","href":"https:\/\/api.w.org\/{rel}","templated":true}]}}