{"id":1532,"date":"2021-02-24T19:00:00","date_gmt":"2021-02-24T17:00:00","guid":{"rendered":"https:\/\/feuerwehr-delkenheim.de\/?p=1532"},"modified":"2021-04-03T21:48:49","modified_gmt":"2021-04-03T19:48:49","slug":"abermals-wachbesetzung","status":"publish","type":"post","link":"https:\/\/feuerwehr-delkenheim.de\/?p=1532","title":{"rendered":"Abermals Wachbesetzung"},"content":{"rendered":"\n<p>Am Mittwoch, 24. Februar brannte es in einem papierverarbeitendem Betrieb in Biebrich in einer Papierm\u00fchle. Da sich dieser Einsatz etwas langwieriger darstellte, waren die Kr\u00e4fte der Feuerwachen 1 und 2, sowie der Freiwilligen Feuerwehr Biebrich l\u00e4nger gebunden. Somit wurden wir, genauso wie die Wehren aus Dotzheim und Kloppenheim, alarmiert um den Brandschutz ab etwa halb 12 f\u00fcr ca 3h sicher zu stellen. In dieser Zeit verweilten wir an unserem Ger\u00e4tehaus und mussten zu keinem weiteren Einsatz ausr\u00fccken.<\/p>\n","protected":false},"excerpt":{"rendered":"<p>Am Mittwoch, 24. Februar brannte es in einem papierverarbeitendem Betrieb in Biebrich in einer Papierm\u00fchle. Da sich dieser Einsatz etwas langwieriger darstellte, waren die Kr\u00e4fte der Feuerwachen 1 und 2, sowie der Freiwilligen Feuerwehr Biebrich l\u00e4nger gebunden. Somit wurden wir, &hellip; <a href=\"https:\/\/feuerwehr-delkenheim.de\/?p=1532\">Weiterlesen <span class=\"meta-nav\">&rarr;<\/span><\/a><\/p>\n","protected":false},"author":1,"featured_media":0,"comment_status":"closed","ping_status":"closed","sticky":false,"template":"","format":"standard","meta":{"jetpack_post_was_ever_published":false,"_jetpack_newsletter_access":"","_jetpack_dont_email_post_to_subs":false,"_jetpack_newsletter_tier_id":0,"_jetpack_memberships_contains_paywalled_content":false,"_jetpack_memberships_contains_paid_content":false,"footnotes":""},"categories":[3],"tags":[50,72],"class_list":["post-1532","post","type-post","status-publish","format-standard","hentry","category-einsatzabteilung","tag-einsatz","tag-wachbesetzung"],"jetpack_featured_media_url":"","jetpack_sharing_enabled":true,"_links":{"self":[{"href":"https:\/\/feuerwehr-delkenheim.de\/index.php?rest_route=\/wp\/v2\/posts\/1532","targetHints":{"allow":["GET"]}}],"collection":[{"href":"https:\/\/feuerwehr-delkenheim.de\/index.php?rest_route=\/wp\/v2\/posts"}],"about":[{"href":"https:\/\/feuerwehr-delkenheim.de\/index.php?rest_route=\/wp\/v2\/types\/post"}],"author":[{"embeddable":true,"href":"https:\/\/feuerwehr-delkenheim.de\/index.php?rest_route=\/wp\/v2\/users\/1"}],"replies":[{"embeddable":true,"href":"https:\/\/feuerwehr-delkenheim.de\/index.php?rest_route=%2Fwp%2Fv2%2Fcomments&post=1532"}],"version-history":[{"count":1,"href":"https:\/\/feuerwehr-delkenheim.de\/index.php?rest_route=\/wp\/v2\/posts\/1532\/revisions"}],"predecessor-version":[{"id":1533,"href":"https:\/\/feuerwehr-delkenheim.de\/index.php?rest_route=\/wp\/v2\/posts\/1532\/revisions\/1533"}],"wp:attachment":[{"href":"https:\/\/feuerwehr-delkenheim.de\/index.php?rest_route=%2Fwp%2Fv2%2Fmedia&parent=1532"}],"wp:term":[{"taxonomy":"category","embeddable":true,"href":"https:\/\/feuerwehr-delkenheim.de\/index.php?rest_route=%2Fwp%2Fv2%2Fcategories&post=1532"},{"taxonomy":"post_tag","embeddable":true,"href":"https:\/\/feuerwehr-delkenheim.de\/index.php?rest_route=%2Fwp%2Fv2%2Ftags&post=1532"}],"curies":[{"name":"wp","href":"https:\/\/api.w.org\/{rel}","templated":true}]}}