{"id":1541,"date":"2021-04-10T21:00:00","date_gmt":"2021-04-10T19:00:00","guid":{"rendered":"https:\/\/feuerwehr-delkenheim.de\/?p=1541"},"modified":"2021-04-12T10:11:09","modified_gmt":"2021-04-12T08:11:09","slug":"kurzer-grossalarm-im-gewerbegebiet","status":"publish","type":"post","link":"https:\/\/feuerwehr-delkenheim.de\/?p=1541","title":{"rendered":"Kurzer Gro\u00dfalarm im Gewerbegebiet"},"content":{"rendered":"\n<p>Am Samstag Abend des 10. April kam es zu einem ungewohnt hohen <a rel=\"noreferrer noopener\" href=\"https:\/\/innen.hessen.de\/sites\/default\/files\/media\/hmdis\/einsatzstichworteerl-16.pdf\" data-type=\"URL\" data-id=\"https:\/\/innen.hessen.de\/sites\/default\/files\/media\/hmdis\/einsatzstichworteerl-16.pdf\" target=\"_blank\">Alarmstichwort &#8222;F3&#8220;<\/a>, was nach dem Katalog f\u00fcr Einsatzstichworte bei ausgedehnten Br\u00e4nden in Sondergeb\u00e4uden greift. Wie kam es dazu? Der Anrufer wurde durch seinen Notruf via Handy &#8211; nicht un\u00fcblich &#8211; zur Leitstelle Main-Taunus geleitet. Diese nimmt nat\u00fcrlich ebenfalls s\u00e4mtliche n\u00f6tigen Informationen auf, stellt aber fest, dass sie in Delkenheim nicht zust\u00e4ndig ist und \u00fcbergibt ihren angelegten Datensatz an die Leitstelle in Wiesbaden. Diese m\u00f6chte nat\u00fcrlich zun\u00e4chst handeln, denn es verging ja schon etwas Zeit durch das Telefongespr\u00e4ch und schickt ihre Kr\u00e4fte gem\u00e4\u00df der Angaben und des Stichwortes los. Gemeldet war ein Brand mit bei\u00dfendem Geruch aus einer Kfz-Werkstatt direkt neben einem Mehrfamilienhaus. Beim Stichwort F3 fahren Fahrzeuge von allen 3 Berufsfeuerwehrwachen, sowie die \u00f6rtliche Freiwillige Feuerwehr, ein Rettungswagen und ein Notarzt zum Schadensort.<\/p>\n\n\n\n<p>Parallel zur Alarmierung rief die Leitstelle Wiesbaden nat\u00fcrlich noch einmal den Anrufer zur\u00fcck, um weitere und genauere Informationen zu erhalten. Dabei stellte sich schnell heraus, dass nicht die Werkstatt brennt, sondern lediglich ein bei\u00dfender Geruch wahrnehmbar ist. Dieser sollte auch eher von einer nahegelegenen Schreinerei als von der Kfz-Werkstatt stammen.<\/p>\n\n\n\n<p>Die eingetroffenen Kr\u00e4fte konnten schnell feststellen, dass nichts ernsthaft brannte. Der Geruch jedoch war duchaus feststellbar. Somit wurde der Gro\u00dfteil der Kr\u00e4fte wieder entlassen und konnte teils direkt anderen Eins\u00e4tzen zugeteilt werden. Die verbleibenden Kr\u00e4fte erkundeten noch etwas genauer und fanden einen gewollten Abbrand in einem Ofen vor. Durch die herrschende Wetterlage zog der Geruch leider nicht nach oben ab, sondern verteilte sich in den umliegenden Stra\u00dfen. Nach weniger als 30 Minuten konnten also alle Fahrzeuge wieder beruhigt einr\u00fccken.<\/p>\n","protected":false},"excerpt":{"rendered":"<p>Am Samstag Abend des 10. April kam es zu einem ungewohnt hohen Alarmstichwort &#8222;F3&#8220;, was nach dem Katalog f\u00fcr Einsatzstichworte bei ausgedehnten Br\u00e4nden in Sondergeb\u00e4uden greift. Wie kam es dazu? Der Anrufer wurde durch seinen Notruf via Handy &#8211; nicht &hellip; <a href=\"https:\/\/feuerwehr-delkenheim.de\/?p=1541\">Weiterlesen <span class=\"meta-nav\">&rarr;<\/span><\/a><\/p>\n","protected":false},"author":1,"featured_media":0,"comment_status":"closed","ping_status":"closed","sticky":false,"template":"","format":"standard","meta":{"jetpack_post_was_ever_published":false,"_jetpack_newsletter_access":"","_jetpack_dont_email_post_to_subs":false,"_jetpack_newsletter_tier_id":0,"_jetpack_memberships_contains_paywalled_content":false,"_jetpack_memberships_contains_paid_content":false,"footnotes":""},"categories":[3],"tags":[50,70],"class_list":["post-1541","post","type-post","status-publish","format-standard","hentry","category-einsatzabteilung","tag-einsatz","tag-fehlalarm"],"jetpack_featured_media_url":"","jetpack_sharing_enabled":true,"_links":{"self":[{"href":"https:\/\/feuerwehr-delkenheim.de\/index.php?rest_route=\/wp\/v2\/posts\/1541","targetHints":{"allow":["GET"]}}],"collection":[{"href":"https:\/\/feuerwehr-delkenheim.de\/index.php?rest_route=\/wp\/v2\/posts"}],"about":[{"href":"https:\/\/feuerwehr-delkenheim.de\/index.php?rest_route=\/wp\/v2\/types\/post"}],"author":[{"embeddable":true,"href":"https:\/\/feuerwehr-delkenheim.de\/index.php?rest_route=\/wp\/v2\/users\/1"}],"replies":[{"embeddable":true,"href":"https:\/\/feuerwehr-delkenheim.de\/index.php?rest_route=%2Fwp%2Fv2%2Fcomments&post=1541"}],"version-history":[{"count":1,"href":"https:\/\/feuerwehr-delkenheim.de\/index.php?rest_route=\/wp\/v2\/posts\/1541\/revisions"}],"predecessor-version":[{"id":1542,"href":"https:\/\/feuerwehr-delkenheim.de\/index.php?rest_route=\/wp\/v2\/posts\/1541\/revisions\/1542"}],"wp:attachment":[{"href":"https:\/\/feuerwehr-delkenheim.de\/index.php?rest_route=%2Fwp%2Fv2%2Fmedia&parent=1541"}],"wp:term":[{"taxonomy":"category","embeddable":true,"href":"https:\/\/feuerwehr-delkenheim.de\/index.php?rest_route=%2Fwp%2Fv2%2Fcategories&post=1541"},{"taxonomy":"post_tag","embeddable":true,"href":"https:\/\/feuerwehr-delkenheim.de\/index.php?rest_route=%2Fwp%2Fv2%2Ftags&post=1541"}],"curies":[{"name":"wp","href":"https:\/\/api.w.org\/{rel}","templated":true}]}}