{"id":1566,"date":"2021-04-19T01:36:00","date_gmt":"2021-04-18T23:36:00","guid":{"rendered":"https:\/\/feuerwehr-delkenheim.de\/?p=1566"},"modified":"2021-09-08T01:41:07","modified_gmt":"2021-09-07T23:41:07","slug":"entschaerfung-einer-weltkriegsbombe","status":"publish","type":"post","link":"https:\/\/feuerwehr-delkenheim.de\/?p=1566","title":{"rendered":"Entsch\u00e4rfung einer Weltkriegsbombe"},"content":{"rendered":"\n<p>F\u00fcr die Entsch\u00e4rfung einer Weltkriegsbombe am 18. April im Stadtteil Biebrich unterst\u00fctzten 6 Mann der Feuerwehr Delkenheim, genauso wie zahlreiche weitere Kr\u00e4fte anderer Freiwilliger Feuerwehren, f\u00fcr einige Stunden die Evakuierungsma\u00dfnahmen. Die Bombe konnte dann im geplanten Zeitfenster erfolgreich durch den Kampfmittelr\u00e4umdienst des Regierungspr\u00e4sidiums Darmstadt entsch\u00e4rft werden.<\/p>\n","protected":false},"excerpt":{"rendered":"<p>F\u00fcr die Entsch\u00e4rfung einer Weltkriegsbombe am 18. April im Stadtteil Biebrich unterst\u00fctzten 6 Mann der Feuerwehr Delkenheim, genauso wie zahlreiche weitere Kr\u00e4fte anderer Freiwilliger Feuerwehren, f\u00fcr einige Stunden die Evakuierungsma\u00dfnahmen. Die Bombe konnte dann im geplanten Zeitfenster erfolgreich durch den &hellip; <a href=\"https:\/\/feuerwehr-delkenheim.de\/?p=1566\">Weiterlesen <span class=\"meta-nav\">&rarr;<\/span><\/a><\/p>\n","protected":false},"author":1,"featured_media":0,"comment_status":"closed","ping_status":"closed","sticky":false,"template":"","format":"standard","meta":{"jetpack_post_was_ever_published":false,"_jetpack_newsletter_access":"","_jetpack_dont_email_post_to_subs":false,"_jetpack_newsletter_tier_id":0,"_jetpack_memberships_contains_paywalled_content":false,"_jetpack_memberships_contains_paid_content":false,"footnotes":""},"categories":[3],"tags":[50,111],"class_list":["post-1566","post","type-post","status-publish","format-standard","hentry","category-einsatzabteilung","tag-einsatz","tag-weltkriegsbombe"],"jetpack_featured_media_url":"","jetpack_sharing_enabled":true,"_links":{"self":[{"href":"https:\/\/feuerwehr-delkenheim.de\/index.php?rest_route=\/wp\/v2\/posts\/1566","targetHints":{"allow":["GET"]}}],"collection":[{"href":"https:\/\/feuerwehr-delkenheim.de\/index.php?rest_route=\/wp\/v2\/posts"}],"about":[{"href":"https:\/\/feuerwehr-delkenheim.de\/index.php?rest_route=\/wp\/v2\/types\/post"}],"author":[{"embeddable":true,"href":"https:\/\/feuerwehr-delkenheim.de\/index.php?rest_route=\/wp\/v2\/users\/1"}],"replies":[{"embeddable":true,"href":"https:\/\/feuerwehr-delkenheim.de\/index.php?rest_route=%2Fwp%2Fv2%2Fcomments&post=1566"}],"version-history":[{"count":1,"href":"https:\/\/feuerwehr-delkenheim.de\/index.php?rest_route=\/wp\/v2\/posts\/1566\/revisions"}],"predecessor-version":[{"id":1567,"href":"https:\/\/feuerwehr-delkenheim.de\/index.php?rest_route=\/wp\/v2\/posts\/1566\/revisions\/1567"}],"wp:attachment":[{"href":"https:\/\/feuerwehr-delkenheim.de\/index.php?rest_route=%2Fwp%2Fv2%2Fmedia&parent=1566"}],"wp:term":[{"taxonomy":"category","embeddable":true,"href":"https:\/\/feuerwehr-delkenheim.de\/index.php?rest_route=%2Fwp%2Fv2%2Fcategories&post=1566"},{"taxonomy":"post_tag","embeddable":true,"href":"https:\/\/feuerwehr-delkenheim.de\/index.php?rest_route=%2Fwp%2Fv2%2Ftags&post=1566"}],"curies":[{"name":"wp","href":"https:\/\/api.w.org\/{rel}","templated":true}]}}