{"id":1578,"date":"2021-07-14T20:27:00","date_gmt":"2021-07-14T18:27:00","guid":{"rendered":"https:\/\/feuerwehr-delkenheim.de\/?p=1578"},"modified":"2021-09-08T02:36:55","modified_gmt":"2021-09-08T00:36:55","slug":"lkw-verkehrsunfall-auf-der-a3","status":"publish","type":"post","link":"https:\/\/feuerwehr-delkenheim.de\/?p=1578","title":{"rendered":"LKW Verkehrsunfall auf der A3"},"content":{"rendered":"\n<p>Am Morgen des 14. Juli kam es zu einem Verkerhsunfall zwischen zwei LKW auf der Autobahn A3. Zun\u00e4chst gemeldet zwischen dem Wiesbadener Kreuz und der Rastst\u00e4tte Medenbach zeigt sich aber, dass sich der Unfal einige Kilometer hinter der Rastst\u00e4tte in Richtung Niedernhausen befand. Wir k\u00fcmmerten uns um die Absicherung der Einsatzstelle, w\u00e4hrend die Kr\u00e4fte der Berufsfeuerwehr und der Freiwilligen Feuerwehr Nordenstadt sich um die technische Rettung eins eingeklemmten LKW Fahrers, sowie den Brandschutz k\u00fcmmerten. <\/p>\n\n\n\n<p>Zwischenzeitlich musste die Autobahn auch voll gesperrt werden. Da zun\u00e4chst die Schwere der Verletzungen nicht bekannt war, landete auch ein Rettungshubschrauber auf der Fahrbahn. Dieser konnte dann aber ohne Patient weiter zu weiteren Eins\u00e4tzen fliegen, da der LKW Fahrer auch problemlos per Rettungswagen in eine Klinik verbracht werden konnte.<\/p>\n\n\n\n<p>Nach ca 3 Stunden war der Einsatz f\u00fcr uns beendet.<\/p>\n","protected":false},"excerpt":{"rendered":"<p>Am Morgen des 14. Juli kam es zu einem Verkerhsunfall zwischen zwei LKW auf der Autobahn A3. Zun\u00e4chst gemeldet zwischen dem Wiesbadener Kreuz und der Rastst\u00e4tte Medenbach zeigt sich aber, dass sich der Unfal einige Kilometer hinter der Rastst\u00e4tte in &hellip; <a href=\"https:\/\/feuerwehr-delkenheim.de\/?p=1578\">Weiterlesen <span class=\"meta-nav\">&rarr;<\/span><\/a><\/p>\n","protected":false},"author":1,"featured_media":0,"comment_status":"closed","ping_status":"closed","sticky":false,"template":"","format":"standard","meta":{"jetpack_post_was_ever_published":false,"_jetpack_newsletter_access":"","_jetpack_dont_email_post_to_subs":false,"_jetpack_newsletter_tier_id":0,"_jetpack_memberships_contains_paywalled_content":false,"_jetpack_memberships_contains_paid_content":false,"footnotes":""},"categories":[3],"tags":[50,110,83],"class_list":["post-1578","post","type-post","status-publish","format-standard","hentry","category-einsatzabteilung","tag-einsatz","tag-lkw","tag-verkehrsunfall"],"jetpack_featured_media_url":"","jetpack_sharing_enabled":true,"_links":{"self":[{"href":"https:\/\/feuerwehr-delkenheim.de\/index.php?rest_route=\/wp\/v2\/posts\/1578","targetHints":{"allow":["GET"]}}],"collection":[{"href":"https:\/\/feuerwehr-delkenheim.de\/index.php?rest_route=\/wp\/v2\/posts"}],"about":[{"href":"https:\/\/feuerwehr-delkenheim.de\/index.php?rest_route=\/wp\/v2\/types\/post"}],"author":[{"embeddable":true,"href":"https:\/\/feuerwehr-delkenheim.de\/index.php?rest_route=\/wp\/v2\/users\/1"}],"replies":[{"embeddable":true,"href":"https:\/\/feuerwehr-delkenheim.de\/index.php?rest_route=%2Fwp%2Fv2%2Fcomments&post=1578"}],"version-history":[{"count":1,"href":"https:\/\/feuerwehr-delkenheim.de\/index.php?rest_route=\/wp\/v2\/posts\/1578\/revisions"}],"predecessor-version":[{"id":1579,"href":"https:\/\/feuerwehr-delkenheim.de\/index.php?rest_route=\/wp\/v2\/posts\/1578\/revisions\/1579"}],"wp:attachment":[{"href":"https:\/\/feuerwehr-delkenheim.de\/index.php?rest_route=%2Fwp%2Fv2%2Fmedia&parent=1578"}],"wp:term":[{"taxonomy":"category","embeddable":true,"href":"https:\/\/feuerwehr-delkenheim.de\/index.php?rest_route=%2Fwp%2Fv2%2Fcategories&post=1578"},{"taxonomy":"post_tag","embeddable":true,"href":"https:\/\/feuerwehr-delkenheim.de\/index.php?rest_route=%2Fwp%2Fv2%2Ftags&post=1578"}],"curies":[{"name":"wp","href":"https:\/\/api.w.org\/{rel}","templated":true}]}}