{"id":1580,"date":"2021-09-13T20:36:38","date_gmt":"2021-09-13T18:36:38","guid":{"rendered":"https:\/\/feuerwehr-delkenheim.de\/?p=1580"},"modified":"2021-09-13T21:06:51","modified_gmt":"2021-09-13T19:06:51","slug":"neue-wehrfuehrung-in-delkenheim","status":"publish","type":"post","link":"https:\/\/feuerwehr-delkenheim.de\/?p=1580","title":{"rendered":"Neue Wehrf\u00fchrung in Delkenheim"},"content":{"rendered":"\n<p>Am 12. September fanden die Jahreshauptversammlungen der Freiwillgen Feuerwehr Wiesbaden-Delkenheim, sowie des Vereins Freiwillige Feuerwehr Wiesbaden-Delkenheim e.V. in der Turnhalle des TV Delkenheim statt. Die Versammlungen deckten die Jahre 2019 und 2020 gemeinsam ab, da in 2020 coronabedingt keine Versammlung stattfand.<\/p>\n\n\n\n<h2 class=\"wp-block-heading\">Freiwillige Feuerwehr Wiesbaden-Delkenheim<\/h2>\n\n\n\n<p>Da der bisherige Wehrf\u00fchrer Holger Kahl berufsbedingt nicht mehr zur Verf\u00fcgung steht und von seiner Funktion als Wehrf\u00fchrer zur\u00fcckgetreten war, wurde die Sitzung vom stellv. Wehrf\u00fchrer Alexander Reu\u00df gef\u00fchrt. An G\u00e4sten konnten der Stadtbrandinspektor Thomas Stein, sein Stellvertreter Lorenz Grebner, der Stadtjugendfeuerwehrwart Uwe Waldaestel, unser Betreuer bei der Berufsfeuerwehr Brandamtmann J\u00f6rg Heck, sowie der Ortsvorsteher Dr. Bernd Wittkowski begr\u00fc\u00dft werden. Nach reichlich Berichten \u00fcber die beiden vergangenen Jahre wurde der Feuerwehrausschuss entlastet.<\/p>\n\n\n\n<p>Robin Unverzagt konnte nun zum Hauptfeuerwehrmann bef\u00f6rdert werden. Geehrt wurden Peter Gabriel f\u00fcr 30 j\u00e4hrige aktive Dienstzeit in der Feuerwehr mit der Ehrenmedaille des Nassauischen Feuerwehrverbandes in Gold und Patrick Krause f\u00fcr sein langj\u00e4hriges Mitwirken in der Jugendfeuerwehrleitung mit der Floriansmedaille der Hessischen Jugendfeuerwehr in Gold.<\/p>\n\n\n\n<div class=\"wp-block-image\"><figure class=\"aligncenter size-large\"><a href=\"https:\/\/feuerwehr-delkenheim.de\/wp-content\/uploads\/2021\/09\/Ehrungen2021.jpg\"><img loading=\"lazy\" decoding=\"async\" width=\"1024\" height=\"742\" src=\"https:\/\/feuerwehr-delkenheim.de\/wp-content\/uploads\/2021\/09\/Ehrungen2021-1024x742.jpg\" alt=\"\" class=\"wp-image-1585\" srcset=\"https:\/\/feuerwehr-delkenheim.de\/wp-content\/uploads\/2021\/09\/Ehrungen2021-1024x742.jpg 1024w, https:\/\/feuerwehr-delkenheim.de\/wp-content\/uploads\/2021\/09\/Ehrungen2021-300x217.jpg 300w, https:\/\/feuerwehr-delkenheim.de\/wp-content\/uploads\/2021\/09\/Ehrungen2021-768x556.jpg 768w, https:\/\/feuerwehr-delkenheim.de\/wp-content\/uploads\/2021\/09\/Ehrungen2021-414x300.jpg 414w, https:\/\/feuerwehr-delkenheim.de\/wp-content\/uploads\/2021\/09\/Ehrungen2021.jpg 1280w\" sizes=\"auto, (max-width: 1024px) 100vw, 1024px\" \/><\/a><figcaption>v.l.n.r. Peter Gabriel, Robin Unverzagt, Patrick Krause, Alexander Reu\u00df<\/figcaption><\/figure><\/div>\n\n\n\n<p>Auch Alexander Reu\u00df trat nun von seiner Funktion als stellv. Wehrf\u00fchrer mit sofortiger Wirkung zur\u00fcck. Unter der Wahlleitung des Stadtbrandinspektors Thomas Stein wurden nun Peter Gabriel zum Wehrf\u00fchrer und Dennis Grebert zum stellv. Wehrf\u00fchrer gew\u00e4hlt.<\/p>\n\n\n\n<div class=\"wp-block-image\"><figure class=\"aligncenter size-large\"><a href=\"https:\/\/feuerwehr-delkenheim.de\/wp-content\/uploads\/2021\/09\/neueWehrfuehrung.jpg\"><img loading=\"lazy\" decoding=\"async\" width=\"1024\" height=\"597\" src=\"https:\/\/feuerwehr-delkenheim.de\/wp-content\/uploads\/2021\/09\/neueWehrfuehrung-1024x597.jpg\" alt=\"\" class=\"wp-image-1583\" srcset=\"https:\/\/feuerwehr-delkenheim.de\/wp-content\/uploads\/2021\/09\/neueWehrfuehrung-1024x597.jpg 1024w, https:\/\/feuerwehr-delkenheim.de\/wp-content\/uploads\/2021\/09\/neueWehrfuehrung-300x175.jpg 300w, https:\/\/feuerwehr-delkenheim.de\/wp-content\/uploads\/2021\/09\/neueWehrfuehrung-768x448.jpg 768w, https:\/\/feuerwehr-delkenheim.de\/wp-content\/uploads\/2021\/09\/neueWehrfuehrung-500x291.jpg 500w, https:\/\/feuerwehr-delkenheim.de\/wp-content\/uploads\/2021\/09\/neueWehrfuehrung.jpg 1280w\" sizes=\"auto, (max-width: 1024px) 100vw, 1024px\" \/><\/a><figcaption>v.l.n.r. Alexander Reu\u00df, Dennis Grebert, Peter Gabriel, Thomas Stein, J\u00f6rg Heck, Lorenz Grebner<\/figcaption><\/figure><\/div>\n\n\n\n<p><\/p>\n\n\n\n<h2 class=\"wp-block-heading\">Jahreshauptversammlung des Vereins Freiw. Feuerwehr Wiesbaden-Delkenheim e.V.<\/h2>\n\n\n\n<p>Auch beim Verein wurde die Versammlung f\u00fcr die beiden Jahre 2019 und 2020 geb\u00fcndelt durchgef\u00fchrt. Nach einigen weiteren Berichten konnte der Vereinsvorstand ebenfalls entlastet werden. Anders als bei der \u00f6ffentlich-rechtlichen Feuerwehr sind Holger Kahl und Alexander Reu\u00df nicht vom Vereinsvorsitz zur\u00fcckgetreten, sondern werden ihre \u00c4mter fortf\u00fchren. Daher musste hier keine Neuwahl stattfinden. Jedoch ist ein Beisitzer nachzuw\u00e4hlen gewesen, da der bisherige Beisitzer Lukas Kopp durch Wegzug seinen Posten niedergelegt hat. Hier wurde Dirk Balzer in den Vereinsvorstand gew\u00e4hlt.<\/p>\n\n\n\n<p>Geehrt werden konnten f\u00fcr 25 j\u00e4hrige Vereinsmitgliedschaft Ulrich Brauer und Karl-Heinz Schmidt. Eine Ehrung f\u00fcr 50 j\u00e4hrige Mitgliedschaft gab es bei Werner Becht, Klaus Jankowiak und Wolfgang Jirsch. Zum Ehrenmitglied wurden Horst Brauer und Horst Kahl ernannt.<\/p>\n\n\n\n<figure class=\"wp-block-image size-large\"><a href=\"https:\/\/feuerwehr-delkenheim.de\/wp-content\/uploads\/2021\/09\/VereinsEhrungen2021.jpg\"><img loading=\"lazy\" decoding=\"async\" width=\"1024\" height=\"546\" src=\"https:\/\/feuerwehr-delkenheim.de\/wp-content\/uploads\/2021\/09\/VereinsEhrungen2021-1024x546.jpg\" alt=\"\" class=\"wp-image-1587\" srcset=\"https:\/\/feuerwehr-delkenheim.de\/wp-content\/uploads\/2021\/09\/VereinsEhrungen2021-1024x546.jpg 1024w, https:\/\/feuerwehr-delkenheim.de\/wp-content\/uploads\/2021\/09\/VereinsEhrungen2021-300x160.jpg 300w, https:\/\/feuerwehr-delkenheim.de\/wp-content\/uploads\/2021\/09\/VereinsEhrungen2021-768x409.jpg 768w, https:\/\/feuerwehr-delkenheim.de\/wp-content\/uploads\/2021\/09\/VereinsEhrungen2021-500x266.jpg 500w, https:\/\/feuerwehr-delkenheim.de\/wp-content\/uploads\/2021\/09\/VereinsEhrungen2021.jpg 1280w\" sizes=\"auto, (max-width: 1024px) 100vw, 1024px\" \/><\/a><figcaption>v.l.n.r. Karl-Heinz Schmidt, Klaus Jankowiak, Werner Becht, Wolfgang Jirsch, Horst Brauer, Ulrich Brauer, Alexander Reu\u00df<\/figcaption><\/figure>\n","protected":false},"excerpt":{"rendered":"<p>Am 12. September fanden die Jahreshauptversammlungen der Freiwillgen Feuerwehr Wiesbaden-Delkenheim, sowie des Vereins Freiwillige Feuerwehr Wiesbaden-Delkenheim e.V. in der Turnhalle des TV Delkenheim statt. Die Versammlungen deckten die Jahre 2019 und 2020 gemeinsam ab, da in 2020 coronabedingt keine Versammlung &hellip; <a href=\"https:\/\/feuerwehr-delkenheim.de\/?p=1580\">Weiterlesen <span class=\"meta-nav\">&rarr;<\/span><\/a><\/p>\n","protected":false},"author":1,"featured_media":1597,"comment_status":"closed","ping_status":"closed","sticky":false,"template":"","format":"standard","meta":{"jetpack_post_was_ever_published":false,"_jetpack_newsletter_access":"","_jetpack_dont_email_post_to_subs":false,"_jetpack_newsletter_tier_id":0,"_jetpack_memberships_contains_paywalled_content":false,"_jetpack_memberships_contains_paid_content":false,"footnotes":""},"categories":[3,5],"tags":[11],"class_list":["post-1580","post","type-post","status-publish","format-standard","has-post-thumbnail","hentry","category-einsatzabteilung","category-verein","tag-jahreshauptversammlung"],"jetpack_featured_media_url":"https:\/\/feuerwehr-delkenheim.de\/wp-content\/uploads\/2021\/09\/neueWehrfuehrungVorschau.jpg","jetpack_sharing_enabled":true,"_links":{"self":[{"href":"https:\/\/feuerwehr-delkenheim.de\/index.php?rest_route=\/wp\/v2\/posts\/1580","targetHints":{"allow":["GET"]}}],"collection":[{"href":"https:\/\/feuerwehr-delkenheim.de\/index.php?rest_route=\/wp\/v2\/posts"}],"about":[{"href":"https:\/\/feuerwehr-delkenheim.de\/index.php?rest_route=\/wp\/v2\/types\/post"}],"author":[{"embeddable":true,"href":"https:\/\/feuerwehr-delkenheim.de\/index.php?rest_route=\/wp\/v2\/users\/1"}],"replies":[{"embeddable":true,"href":"https:\/\/feuerwehr-delkenheim.de\/index.php?rest_route=%2Fwp%2Fv2%2Fcomments&post=1580"}],"version-history":[{"count":7,"href":"https:\/\/feuerwehr-delkenheim.de\/index.php?rest_route=\/wp\/v2\/posts\/1580\/revisions"}],"predecessor-version":[{"id":1592,"href":"https:\/\/feuerwehr-delkenheim.de\/index.php?rest_route=\/wp\/v2\/posts\/1580\/revisions\/1592"}],"wp:featuredmedia":[{"embeddable":true,"href":"https:\/\/feuerwehr-delkenheim.de\/index.php?rest_route=\/wp\/v2\/media\/1597"}],"wp:attachment":[{"href":"https:\/\/feuerwehr-delkenheim.de\/index.php?rest_route=%2Fwp%2Fv2%2Fmedia&parent=1580"}],"wp:term":[{"taxonomy":"category","embeddable":true,"href":"https:\/\/feuerwehr-delkenheim.de\/index.php?rest_route=%2Fwp%2Fv2%2Fcategories&post=1580"},{"taxonomy":"post_tag","embeddable":true,"href":"https:\/\/feuerwehr-delkenheim.de\/index.php?rest_route=%2Fwp%2Fv2%2Ftags&post=1580"}],"curies":[{"name":"wp","href":"https:\/\/api.w.org\/{rel}","templated":true}]}}