{"id":1610,"date":"2021-10-10T14:07:52","date_gmt":"2021-10-10T12:07:52","guid":{"rendered":"https:\/\/feuerwehr-delkenheim.de\/?p=1610"},"modified":"2021-10-10T14:07:55","modified_gmt":"2021-10-10T12:07:55","slug":"nachwuchs-in-der-einsatzabteilung","status":"publish","type":"post","link":"https:\/\/feuerwehr-delkenheim.de\/?p=1610","title":{"rendered":"Nachwuchs in der Einsatzabteilung"},"content":{"rendered":"\n<div class=\"wp-block-image is-style-rounded\"><figure class=\"alignright size-medium\"><a href=\"https:\/\/feuerwehr-delkenheim.de\/wp-content\/uploads\/2021\/10\/wp-1633867055692.jpg\"><img loading=\"lazy\" decoding=\"async\" width=\"220\" height=\"300\" src=\"https:\/\/feuerwehr-delkenheim.de\/wp-content\/uploads\/2021\/10\/wp-1633867055692-220x300.jpg\" alt=\"\" class=\"wp-image-1609\" srcset=\"https:\/\/feuerwehr-delkenheim.de\/wp-content\/uploads\/2021\/10\/wp-1633867055692-220x300.jpg 220w, https:\/\/feuerwehr-delkenheim.de\/wp-content\/uploads\/2021\/10\/wp-1633867055692-751x1024.jpg 751w, https:\/\/feuerwehr-delkenheim.de\/wp-content\/uploads\/2021\/10\/wp-1633867055692-768x1047.jpg 768w, https:\/\/feuerwehr-delkenheim.de\/wp-content\/uploads\/2021\/10\/wp-1633867055692.jpg 1105w\" sizes=\"auto, (max-width: 220px) 100vw, 220px\" \/><\/a><\/figure><\/div>\n\n\n\n<p>Wir gratulieren Niklas Brauer zur erfolgreich abgeschlossen Truppmann (Teil 1) Ausbildung bei der Freiwilligen Feuerwehr!<\/p>\n\n\n\n<p>Niklas trat 2014 in die Jugendfeuerwehr ein und trat 2020 in die Einsatzabteilung \u00fcber. Leider erwischte er damit genau die Hochphase der Corona-Pandemie und so begann er mittlerweile zum dritten Mal die notwendige Ausbildung, um bei Eins\u00e4tzen \u00fcberhaupt mitwirken zu d\u00fcrfen. Zwei mal wurde diese Ausbildung zuvor gestartet, dann aber jeweils wegen Lockdown oder zu hohen Corona-Schutzma\u00dfnahmen wieder abgebrochen.<\/p>\n\n\n\n<p>Nun hat sich das Durchhalten gelohnt und Niklas darf ab sofort Erfahrung bei unseren Eins\u00e4tzen sammeln. <\/p>\n","protected":false},"excerpt":{"rendered":"<p>Wir gratulieren Niklas Brauer zur erfolgreich abgeschlossen Truppmann (Teil 1) Ausbildung bei der Freiwilligen Feuerwehr! Niklas trat 2014 in die Jugendfeuerwehr ein und trat 2020 in die Einsatzabteilung \u00fcber. Leider erwischte er damit genau die Hochphase der Corona-Pandemie und so &hellip; <a href=\"https:\/\/feuerwehr-delkenheim.de\/?p=1610\">Weiterlesen <span class=\"meta-nav\">&rarr;<\/span><\/a><\/p>\n","protected":false},"author":1,"featured_media":0,"comment_status":"closed","ping_status":"closed","sticky":false,"template":"","format":"standard","meta":{"jetpack_post_was_ever_published":false,"_jetpack_newsletter_access":"","_jetpack_dont_email_post_to_subs":false,"_jetpack_newsletter_tier_id":0,"_jetpack_memberships_contains_paywalled_content":false,"_jetpack_memberships_contains_paid_content":false,"footnotes":""},"categories":[3],"tags":[108],"class_list":["post-1610","post","type-post","status-publish","format-standard","hentry","category-einsatzabteilung","tag-ausbildung"],"jetpack_featured_media_url":"","jetpack_sharing_enabled":true,"_links":{"self":[{"href":"https:\/\/feuerwehr-delkenheim.de\/index.php?rest_route=\/wp\/v2\/posts\/1610","targetHints":{"allow":["GET"]}}],"collection":[{"href":"https:\/\/feuerwehr-delkenheim.de\/index.php?rest_route=\/wp\/v2\/posts"}],"about":[{"href":"https:\/\/feuerwehr-delkenheim.de\/index.php?rest_route=\/wp\/v2\/types\/post"}],"author":[{"embeddable":true,"href":"https:\/\/feuerwehr-delkenheim.de\/index.php?rest_route=\/wp\/v2\/users\/1"}],"replies":[{"embeddable":true,"href":"https:\/\/feuerwehr-delkenheim.de\/index.php?rest_route=%2Fwp%2Fv2%2Fcomments&post=1610"}],"version-history":[{"count":1,"href":"https:\/\/feuerwehr-delkenheim.de\/index.php?rest_route=\/wp\/v2\/posts\/1610\/revisions"}],"predecessor-version":[{"id":1611,"href":"https:\/\/feuerwehr-delkenheim.de\/index.php?rest_route=\/wp\/v2\/posts\/1610\/revisions\/1611"}],"wp:attachment":[{"href":"https:\/\/feuerwehr-delkenheim.de\/index.php?rest_route=%2Fwp%2Fv2%2Fmedia&parent=1610"}],"wp:term":[{"taxonomy":"category","embeddable":true,"href":"https:\/\/feuerwehr-delkenheim.de\/index.php?rest_route=%2Fwp%2Fv2%2Fcategories&post=1610"},{"taxonomy":"post_tag","embeddable":true,"href":"https:\/\/feuerwehr-delkenheim.de\/index.php?rest_route=%2Fwp%2Fv2%2Ftags&post=1610"}],"curies":[{"name":"wp","href":"https:\/\/api.w.org\/{rel}","templated":true}]}}