{"id":1617,"date":"2021-12-19T11:53:53","date_gmt":"2021-12-19T09:53:53","guid":{"rendered":"https:\/\/feuerwehr-delkenheim.de\/?p=1617"},"modified":"2021-12-19T11:53:56","modified_gmt":"2021-12-19T09:53:56","slug":"frohe-weihnachtstage","status":"publish","type":"post","link":"https:\/\/feuerwehr-delkenheim.de\/?p=1617","title":{"rendered":"Frohe Weihnachtstage"},"content":{"rendered":"\n<div class=\"wp-block-image\"><figure class=\"aligncenter size-large is-resized\"><a href=\"https:\/\/feuerwehr-delkenheim.de\/wp-content\/uploads\/2021\/12\/wp-1639906825139.jpg\"><img loading=\"lazy\" decoding=\"async\" src=\"https:\/\/feuerwehr-delkenheim.de\/wp-content\/uploads\/2021\/12\/wp-1639906825139-1024x768.jpg\" alt=\"\" class=\"wp-image-1615\" width=\"768\" height=\"576\" srcset=\"https:\/\/feuerwehr-delkenheim.de\/wp-content\/uploads\/2021\/12\/wp-1639906825139-1024x768.jpg 1024w, https:\/\/feuerwehr-delkenheim.de\/wp-content\/uploads\/2021\/12\/wp-1639906825139-300x225.jpg 300w, https:\/\/feuerwehr-delkenheim.de\/wp-content\/uploads\/2021\/12\/wp-1639906825139-768x576.jpg 768w, https:\/\/feuerwehr-delkenheim.de\/wp-content\/uploads\/2021\/12\/wp-1639906825139-400x300.jpg 400w, https:\/\/feuerwehr-delkenheim.de\/wp-content\/uploads\/2021\/12\/wp-1639906825139.jpg 1280w\" sizes=\"auto, (max-width: 768px) 100vw, 768px\" \/><\/a><figcaption>4. Advent bei der Freiwilligen Feuerwehr Wiesbaden-Delkenheim<\/figcaption><\/figure><\/div>\n\n\n\n<p>Einen sch\u00f6nen 4. Advent und frohe Weihnachtstage w\u00fcnscht die Freiwillige Feuerwehr Wiesbaden-Delkenheim! Bleiben Sie gesund und bescheren Sie uns keine ungewollten T\u00e4tigkeiten, stattdessen aber vielleicht das Interesse am Mitwirken in der Einsatzabteilung. Das n\u00e4chste regul\u00e4re Treffen findet am 7. Januar 2022 am Feuerwehrger\u00e4tehaus statt.<\/p>\n\n\n\n<p>Auch in der Ausbildung hat sich noch etwas getan, weswegen wir Niklas, unserem J\u00fcngsten, noch zum bestandenen Atemschutzger\u00e4tetr\u00e4gerlehrgang gratulieren k\u00f6nnen. Er wird dann in K\u00fcrze noch mit der speziellen Brandschutzkleidung ausgestattet (die Kleidungsst\u00fccke ohne rote Kennzeichnungsstreifen &#8211; ja da gibt es Unterschiede) und dann kann er das n\u00e4chste Feuer ganz vorne selbst bek\u00e4mpfen, nat\u00fcrlich mit einem erfahrenen Feuerwehrmann an seiner Seite.<\/p>\n","protected":false},"excerpt":{"rendered":"<p>Einen sch\u00f6nen 4. Advent und frohe Weihnachtstage w\u00fcnscht die Freiwillige Feuerwehr Wiesbaden-Delkenheim! Bleiben Sie gesund und bescheren Sie uns keine ungewollten T\u00e4tigkeiten, stattdessen aber vielleicht das Interesse am Mitwirken in der Einsatzabteilung. Das n\u00e4chste regul\u00e4re Treffen findet am 7. Januar &hellip; <a href=\"https:\/\/feuerwehr-delkenheim.de\/?p=1617\">Weiterlesen <span class=\"meta-nav\">&rarr;<\/span><\/a><\/p>\n","protected":false},"author":1,"featured_media":0,"comment_status":"closed","ping_status":"closed","sticky":false,"template":"","format":"standard","meta":{"jetpack_post_was_ever_published":false,"_jetpack_newsletter_access":"","_jetpack_dont_email_post_to_subs":false,"_jetpack_newsletter_tier_id":0,"_jetpack_memberships_contains_paywalled_content":false,"_jetpack_memberships_contains_paid_content":false,"footnotes":""},"categories":[2,3],"tags":[108],"class_list":["post-1617","post","type-post","status-publish","format-standard","hentry","category-allgemein","category-einsatzabteilung","tag-ausbildung"],"jetpack_featured_media_url":"","jetpack_sharing_enabled":true,"_links":{"self":[{"href":"https:\/\/feuerwehr-delkenheim.de\/index.php?rest_route=\/wp\/v2\/posts\/1617","targetHints":{"allow":["GET"]}}],"collection":[{"href":"https:\/\/feuerwehr-delkenheim.de\/index.php?rest_route=\/wp\/v2\/posts"}],"about":[{"href":"https:\/\/feuerwehr-delkenheim.de\/index.php?rest_route=\/wp\/v2\/types\/post"}],"author":[{"embeddable":true,"href":"https:\/\/feuerwehr-delkenheim.de\/index.php?rest_route=\/wp\/v2\/users\/1"}],"replies":[{"embeddable":true,"href":"https:\/\/feuerwehr-delkenheim.de\/index.php?rest_route=%2Fwp%2Fv2%2Fcomments&post=1617"}],"version-history":[{"count":1,"href":"https:\/\/feuerwehr-delkenheim.de\/index.php?rest_route=\/wp\/v2\/posts\/1617\/revisions"}],"predecessor-version":[{"id":1618,"href":"https:\/\/feuerwehr-delkenheim.de\/index.php?rest_route=\/wp\/v2\/posts\/1617\/revisions\/1618"}],"wp:attachment":[{"href":"https:\/\/feuerwehr-delkenheim.de\/index.php?rest_route=%2Fwp%2Fv2%2Fmedia&parent=1617"}],"wp:term":[{"taxonomy":"category","embeddable":true,"href":"https:\/\/feuerwehr-delkenheim.de\/index.php?rest_route=%2Fwp%2Fv2%2Fcategories&post=1617"},{"taxonomy":"post_tag","embeddable":true,"href":"https:\/\/feuerwehr-delkenheim.de\/index.php?rest_route=%2Fwp%2Fv2%2Ftags&post=1617"}],"curies":[{"name":"wp","href":"https:\/\/api.w.org\/{rel}","templated":true}]}}