{"id":162,"date":"2015-04-06T11:46:47","date_gmt":"2015-04-06T10:46:47","guid":{"rendered":"http:\/\/feuerwehr-delkenheim.de\/?p=162"},"modified":"2015-04-11T18:27:18","modified_gmt":"2015-04-11T17:27:18","slug":"erste-hilfe-ausbildung","status":"publish","type":"post","link":"https:\/\/feuerwehr-delkenheim.de\/?p=162","title":{"rendered":"Erste Hilfe Ausbildung"},"content":{"rendered":"<p>P\u00fcnktlich zum Fr\u00fchjahrsanfang werden wieder die Motorr\u00e4der aus den Garagen geholt. Hoffentlich immer unfallfrei. In der FF Delkenheim hatten wir am 20. M\u00e4rz Herrn Richard Stenzhorn von der DRK Bereitschaft Erbenheim \/ Igstadt \/ Delkenheim zu Gast um unsere Erste Hilfe Kenntnisse aufzufrischen. Als Feuerwehrm\u00e4nner und -Frauen sind wir nat\u00fcrlich oft In der Lage des Ersthelfers, daher lassen wir uns auch regelm\u00e4\u00dfig schulen. Neben der Seitenlage und einigen interessanten Informationen hatten auch alle die M\u00f6glichkeit ihre Kenntnisse bezgl. Reanimation an der \u00dcbungspuppe aufzufrischen.<br \/>\nEs war ein sehr interessanter \u00dcbungsabend an dem auch ein jeder etwas f\u00fcr den Alltag mitnehmen konnte. Es gibt Sicherheit, wichtige Erst-Hilfe-Ma\u00dfnahmen ge\u00fcbt zu haben.<\/p>\n","protected":false},"excerpt":{"rendered":"<p>P\u00fcnktlich zum Fr\u00fchjahrsanfang werden wieder die Motorr\u00e4der aus den Garagen geholt. Hoffentlich immer unfallfrei. In der FF Delkenheim hatten wir am 20. M\u00e4rz Herrn Richard Stenzhorn von der DRK Bereitschaft Erbenheim \/ Igstadt \/ Delkenheim zu Gast um unsere Erste &hellip; <a href=\"https:\/\/feuerwehr-delkenheim.de\/?p=162\">Weiterlesen <span class=\"meta-nav\">&rarr;<\/span><\/a><\/p>\n","protected":false},"author":9,"featured_media":0,"comment_status":"closed","ping_status":"closed","sticky":false,"template":"","format":"standard","meta":{"jetpack_post_was_ever_published":false,"_jetpack_newsletter_access":"","_jetpack_dont_email_post_to_subs":false,"_jetpack_newsletter_tier_id":0,"_jetpack_memberships_contains_paywalled_content":false,"_jetpack_memberships_contains_paid_content":false,"footnotes":""},"categories":[3],"tags":[12],"class_list":["post-162","post","type-post","status-publish","format-standard","hentry","category-einsatzabteilung","tag-erste-hilfe"],"jetpack_featured_media_url":"","jetpack_sharing_enabled":true,"_links":{"self":[{"href":"https:\/\/feuerwehr-delkenheim.de\/index.php?rest_route=\/wp\/v2\/posts\/162","targetHints":{"allow":["GET"]}}],"collection":[{"href":"https:\/\/feuerwehr-delkenheim.de\/index.php?rest_route=\/wp\/v2\/posts"}],"about":[{"href":"https:\/\/feuerwehr-delkenheim.de\/index.php?rest_route=\/wp\/v2\/types\/post"}],"author":[{"embeddable":true,"href":"https:\/\/feuerwehr-delkenheim.de\/index.php?rest_route=\/wp\/v2\/users\/9"}],"replies":[{"embeddable":true,"href":"https:\/\/feuerwehr-delkenheim.de\/index.php?rest_route=%2Fwp%2Fv2%2Fcomments&post=162"}],"version-history":[{"count":3,"href":"https:\/\/feuerwehr-delkenheim.de\/index.php?rest_route=\/wp\/v2\/posts\/162\/revisions"}],"predecessor-version":[{"id":180,"href":"https:\/\/feuerwehr-delkenheim.de\/index.php?rest_route=\/wp\/v2\/posts\/162\/revisions\/180"}],"wp:attachment":[{"href":"https:\/\/feuerwehr-delkenheim.de\/index.php?rest_route=%2Fwp%2Fv2%2Fmedia&parent=162"}],"wp:term":[{"taxonomy":"category","embeddable":true,"href":"https:\/\/feuerwehr-delkenheim.de\/index.php?rest_route=%2Fwp%2Fv2%2Fcategories&post=162"},{"taxonomy":"post_tag","embeddable":true,"href":"https:\/\/feuerwehr-delkenheim.de\/index.php?rest_route=%2Fwp%2Fv2%2Ftags&post=162"}],"curies":[{"name":"wp","href":"https:\/\/api.w.org\/{rel}","templated":true}]}}