{"id":1626,"date":"2021-12-28T21:46:09","date_gmt":"2021-12-28T19:46:09","guid":{"rendered":"https:\/\/feuerwehr-delkenheim.de\/?p=1626"},"modified":"2021-12-28T21:59:52","modified_gmt":"2021-12-28T19:59:52","slug":"brennender-misthaufen","status":"publish","type":"post","link":"https:\/\/feuerwehr-delkenheim.de\/?p=1626","title":{"rendered":"Brennender Misthaufen"},"content":{"rendered":"\n<p>In den fr\u00fchen Morgenstunden des 28. Dezembers wurden wir kurz vor 5 Uhr geweckt und zu einem Brand in einem gro\u00dfen landwirtschaftlichen Betrieb in Delkenheim alarmiert, gemeinsam mit der freiwilligen Feuerwehr Wiesbaden-Erbenheim und der Berufsfeuerwehr.<\/p>\n\n\n\n<p>Vor Ort eingetroffen fand sich ein ca 2.500 Kubikmeter gro\u00dfer Misthaufen in einer offenen Halle, der in der Mitte unten Glutnester aufwies. Es wurden umfangreich Kr\u00e4fte und Ger\u00e4tschaften nachalarmiert, da gro\u00dfe Teile dieses Misthaufens nun mit geeigneten Greiffahrzeugen auseinander gezogen werden mussten, um die herausgezogenen H\u00e4ufchen gezielt abzul\u00f6schen. Dazu musste eine stabile Wasserversorgung \u00fcber eine l\u00e4ngere Strecke hergestellt, sowie ein Abl\u00f6schplatz hergerichtet werden. Letzeres wurde durch die Feuerwehr Delkenheim \u00fcbernommen, die Wasserversorgung stellte die Feuerwehr Erbenheim her. Als \u00dcbergangsl\u00f6sung wurde mit Tankl\u00f6schfahrzeugen und einem Flugfeldl\u00f6schfahrzeug der US-Army Werkfeuerwehr gearbeitet, welches einen sehr gro\u00dfen Wasservorrat hat. W\u00e4hrend der ersten Stunden wurden wir zus\u00e4tzlich durch die Freiwillige Feuerwehr Kastel unterst\u00fctzt, in Spitzenzeiten waren somit 45 Einsatzkr\u00e4fte vor Ort. Weiterhin kam der Teleskoplader mit Greifschaufel der Feuerwehr Wiesbaden zum Einsatz.<\/p>\n\n\n\n<p>Da die Arbeiten absehbar mehrere Stunden andauerten, wurde au\u00dferdem noch die Logistik-Gruppe der Feuerwehr Wiesbaden hinzugezogen, welche aus einzelnen Mitgliedern mehrerer Freiwilligen Feuerwehren besteht und sich um die Verpflegung der Einsatzkr\u00e4fte k\u00fcmmerte. Die Einsatzbereitschaft der zeitweise verwaisten Feuerwache 2 der Berufsfeuerwehr wurde durch einsatzbereite Kr\u00e4fte der Freiwilligen Feuerwehren Kostheim und Schierstein in deren eigenen Ger\u00e4teh\u00e4usern ersetzt.<\/p>\n\n\n\n<p>Um kurz vor halb zwei am Nachmittag konnten wir die Einsatzstelle dem Betrieb \u00fcberlassen und mussten dann noch unsere verdreckten Ger\u00e4tschaften auf der Feuerwache 2 austauschen, sowie die verbrauchten Kraftstoffe nachtanken und das Fahrzeug reinigen. Nach insgesamt 10 Stunden war der Einsatz dann beendet.<\/p>\n\n\n\n<figure class=\"wp-block-gallery columns-3 is-cropped wp-block-gallery-1 is-layout-flex wp-block-gallery-is-layout-flex\"><ul class=\"blocks-gallery-grid\"><li class=\"blocks-gallery-item\"><figure><a href=\"https:\/\/feuerwehr-delkenheim.de\/wp-content\/uploads\/2021\/12\/Misthaufen1.jpg\"><img loading=\"lazy\" decoding=\"async\" width=\"1024\" height=\"768\" src=\"https:\/\/feuerwehr-delkenheim.de\/wp-content\/uploads\/2021\/12\/Misthaufen1-1024x768.jpg\" alt=\"\" data-id=\"1621\" data-full-url=\"https:\/\/feuerwehr-delkenheim.de\/wp-content\/uploads\/2021\/12\/Misthaufen1.jpg\" data-link=\"https:\/\/feuerwehr-delkenheim.de\/?attachment_id=1621\" class=\"wp-image-1621\" srcset=\"https:\/\/feuerwehr-delkenheim.de\/wp-content\/uploads\/2021\/12\/Misthaufen1-1024x768.jpg 1024w, https:\/\/feuerwehr-delkenheim.de\/wp-content\/uploads\/2021\/12\/Misthaufen1-300x225.jpg 300w, https:\/\/feuerwehr-delkenheim.de\/wp-content\/uploads\/2021\/12\/Misthaufen1-768x576.jpg 768w, https:\/\/feuerwehr-delkenheim.de\/wp-content\/uploads\/2021\/12\/Misthaufen1-400x300.jpg 400w, https:\/\/feuerwehr-delkenheim.de\/wp-content\/uploads\/2021\/12\/Misthaufen1.jpg 1280w\" sizes=\"auto, (max-width: 1024px) 100vw, 1024px\" \/><\/a><\/figure><\/li><li class=\"blocks-gallery-item\"><figure><a href=\"https:\/\/feuerwehr-delkenheim.de\/wp-content\/uploads\/2021\/12\/Misthaufen2.jpg\"><img loading=\"lazy\" decoding=\"async\" width=\"1024\" height=\"768\" src=\"https:\/\/feuerwehr-delkenheim.de\/wp-content\/uploads\/2021\/12\/Misthaufen2-1024x768.jpg\" alt=\"\" data-id=\"1622\" data-full-url=\"https:\/\/feuerwehr-delkenheim.de\/wp-content\/uploads\/2021\/12\/Misthaufen2.jpg\" data-link=\"https:\/\/feuerwehr-delkenheim.de\/?attachment_id=1622\" class=\"wp-image-1622\" srcset=\"https:\/\/feuerwehr-delkenheim.de\/wp-content\/uploads\/2021\/12\/Misthaufen2-1024x768.jpg 1024w, https:\/\/feuerwehr-delkenheim.de\/wp-content\/uploads\/2021\/12\/Misthaufen2-300x225.jpg 300w, https:\/\/feuerwehr-delkenheim.de\/wp-content\/uploads\/2021\/12\/Misthaufen2-768x576.jpg 768w, https:\/\/feuerwehr-delkenheim.de\/wp-content\/uploads\/2021\/12\/Misthaufen2-400x300.jpg 400w, https:\/\/feuerwehr-delkenheim.de\/wp-content\/uploads\/2021\/12\/Misthaufen2.jpg 1280w\" sizes=\"auto, (max-width: 1024px) 100vw, 1024px\" \/><\/a><\/figure><\/li><li class=\"blocks-gallery-item\"><figure><a href=\"https:\/\/feuerwehr-delkenheim.de\/wp-content\/uploads\/2021\/12\/Misthaufen3.jpg\"><img loading=\"lazy\" decoding=\"async\" width=\"1024\" height=\"768\" src=\"https:\/\/feuerwehr-delkenheim.de\/wp-content\/uploads\/2021\/12\/Misthaufen3-1024x768.jpg\" alt=\"\" data-id=\"1623\" data-full-url=\"https:\/\/feuerwehr-delkenheim.de\/wp-content\/uploads\/2021\/12\/Misthaufen3.jpg\" data-link=\"https:\/\/feuerwehr-delkenheim.de\/?attachment_id=1623\" class=\"wp-image-1623\" srcset=\"https:\/\/feuerwehr-delkenheim.de\/wp-content\/uploads\/2021\/12\/Misthaufen3-1024x768.jpg 1024w, https:\/\/feuerwehr-delkenheim.de\/wp-content\/uploads\/2021\/12\/Misthaufen3-300x225.jpg 300w, https:\/\/feuerwehr-delkenheim.de\/wp-content\/uploads\/2021\/12\/Misthaufen3-768x576.jpg 768w, https:\/\/feuerwehr-delkenheim.de\/wp-content\/uploads\/2021\/12\/Misthaufen3-400x300.jpg 400w, https:\/\/feuerwehr-delkenheim.de\/wp-content\/uploads\/2021\/12\/Misthaufen3.jpg 1280w\" sizes=\"auto, (max-width: 1024px) 100vw, 1024px\" \/><\/a><\/figure><\/li><li class=\"blocks-gallery-item\"><figure><a href=\"https:\/\/feuerwehr-delkenheim.de\/wp-content\/uploads\/2021\/12\/Misthaufen4.jpg\"><img loading=\"lazy\" decoding=\"async\" width=\"1024\" height=\"768\" src=\"https:\/\/feuerwehr-delkenheim.de\/wp-content\/uploads\/2021\/12\/Misthaufen4.jpg\" alt=\"\" data-id=\"1624\" data-full-url=\"https:\/\/feuerwehr-delkenheim.de\/wp-content\/uploads\/2021\/12\/Misthaufen4.jpg\" data-link=\"https:\/\/feuerwehr-delkenheim.de\/?attachment_id=1624\" class=\"wp-image-1624\" srcset=\"https:\/\/feuerwehr-delkenheim.de\/wp-content\/uploads\/2021\/12\/Misthaufen4.jpg 1024w, https:\/\/feuerwehr-delkenheim.de\/wp-content\/uploads\/2021\/12\/Misthaufen4-300x225.jpg 300w, https:\/\/feuerwehr-delkenheim.de\/wp-content\/uploads\/2021\/12\/Misthaufen4-768x576.jpg 768w, https:\/\/feuerwehr-delkenheim.de\/wp-content\/uploads\/2021\/12\/Misthaufen4-400x300.jpg 400w\" sizes=\"auto, (max-width: 1024px) 100vw, 1024px\" \/><\/a><\/figure><\/li><li class=\"blocks-gallery-item\"><figure><a href=\"https:\/\/feuerwehr-delkenheim.de\/wp-content\/uploads\/2021\/12\/Misthaufen5.jpg\"><img loading=\"lazy\" decoding=\"async\" width=\"1024\" height=\"768\" src=\"https:\/\/feuerwehr-delkenheim.de\/wp-content\/uploads\/2021\/12\/Misthaufen5-1024x768.jpg\" alt=\"\" data-id=\"1625\" data-full-url=\"https:\/\/feuerwehr-delkenheim.de\/wp-content\/uploads\/2021\/12\/Misthaufen5.jpg\" data-link=\"https:\/\/feuerwehr-delkenheim.de\/?attachment_id=1625\" class=\"wp-image-1625\" srcset=\"https:\/\/feuerwehr-delkenheim.de\/wp-content\/uploads\/2021\/12\/Misthaufen5-1024x768.jpg 1024w, https:\/\/feuerwehr-delkenheim.de\/wp-content\/uploads\/2021\/12\/Misthaufen5-300x225.jpg 300w, https:\/\/feuerwehr-delkenheim.de\/wp-content\/uploads\/2021\/12\/Misthaufen5-768x576.jpg 768w, https:\/\/feuerwehr-delkenheim.de\/wp-content\/uploads\/2021\/12\/Misthaufen5-400x300.jpg 400w, https:\/\/feuerwehr-delkenheim.de\/wp-content\/uploads\/2021\/12\/Misthaufen5.jpg 1280w\" sizes=\"auto, (max-width: 1024px) 100vw, 1024px\" \/><\/a><\/figure><\/li><\/ul><figcaption class=\"blocks-gallery-caption\">Bilder: Feuerwehr Wiesbaden<\/figcaption><\/figure>\n","protected":false},"excerpt":{"rendered":"<p>In den fr\u00fchen Morgenstunden des 28. Dezembers wurden wir kurz vor 5 Uhr geweckt und zu einem Brand in einem gro\u00dfen landwirtschaftlichen Betrieb in Delkenheim alarmiert, gemeinsam mit der freiwilligen Feuerwehr Wiesbaden-Erbenheim und der Berufsfeuerwehr. Vor Ort eingetroffen fand sich &hellip; <a href=\"https:\/\/feuerwehr-delkenheim.de\/?p=1626\">Weiterlesen <span class=\"meta-nav\">&rarr;<\/span><\/a><\/p>\n","protected":false},"author":1,"featured_media":0,"comment_status":"closed","ping_status":"closed","sticky":false,"template":"","format":"standard","meta":{"jetpack_post_was_ever_published":false,"_jetpack_newsletter_access":"","_jetpack_dont_email_post_to_subs":false,"_jetpack_newsletter_tier_id":0,"_jetpack_memberships_contains_paywalled_content":false,"_jetpack_memberships_contains_paid_content":false,"footnotes":""},"categories":[3],"tags":[42,50,115,114],"class_list":["post-1626","post","type-post","status-publish","format-standard","hentry","category-einsatzabteilung","tag-brand","tag-einsatz","tag-landwirdschaftlicher-betrieb","tag-misthaufen"],"jetpack_featured_media_url":"","jetpack_sharing_enabled":true,"_links":{"self":[{"href":"https:\/\/feuerwehr-delkenheim.de\/index.php?rest_route=\/wp\/v2\/posts\/1626","targetHints":{"allow":["GET"]}}],"collection":[{"href":"https:\/\/feuerwehr-delkenheim.de\/index.php?rest_route=\/wp\/v2\/posts"}],"about":[{"href":"https:\/\/feuerwehr-delkenheim.de\/index.php?rest_route=\/wp\/v2\/types\/post"}],"author":[{"embeddable":true,"href":"https:\/\/feuerwehr-delkenheim.de\/index.php?rest_route=\/wp\/v2\/users\/1"}],"replies":[{"embeddable":true,"href":"https:\/\/feuerwehr-delkenheim.de\/index.php?rest_route=%2Fwp%2Fv2%2Fcomments&post=1626"}],"version-history":[{"count":4,"href":"https:\/\/feuerwehr-delkenheim.de\/index.php?rest_route=\/wp\/v2\/posts\/1626\/revisions"}],"predecessor-version":[{"id":1630,"href":"https:\/\/feuerwehr-delkenheim.de\/index.php?rest_route=\/wp\/v2\/posts\/1626\/revisions\/1630"}],"wp:attachment":[{"href":"https:\/\/feuerwehr-delkenheim.de\/index.php?rest_route=%2Fwp%2Fv2%2Fmedia&parent=1626"}],"wp:term":[{"taxonomy":"category","embeddable":true,"href":"https:\/\/feuerwehr-delkenheim.de\/index.php?rest_route=%2Fwp%2Fv2%2Fcategories&post=1626"},{"taxonomy":"post_tag","embeddable":true,"href":"https:\/\/feuerwehr-delkenheim.de\/index.php?rest_route=%2Fwp%2Fv2%2Ftags&post=1626"}],"curies":[{"name":"wp","href":"https:\/\/api.w.org\/{rel}","templated":true}]}}