{"id":1632,"date":"2021-12-30T16:40:54","date_gmt":"2021-12-30T14:40:54","guid":{"rendered":"https:\/\/feuerwehr-delkenheim.de\/?p=1632"},"modified":"2021-12-30T16:42:51","modified_gmt":"2021-12-30T14:42:51","slug":"erneut-keine-tannenbaumsammlung","status":"publish","type":"post","link":"https:\/\/feuerwehr-delkenheim.de\/?p=1632","title":{"rendered":"Erneut keine Tannenbaumsammlung"},"content":{"rendered":"\n<p>War die Lage im Herbst noch scheinbar unter Kontrolle, herrscht jetzt seitens Regierung die Angst vor einer bevorstehenden Omikron Welle und einem dadurch verursachten Ausfall kritischer Infrastrukturen, wie z.B. Teilen der Feuerwehr. Um sich nicht hinterher sagen zu lassen, man h\u00e4tte nicht im Voraus angemessene Ma\u00dfnahmen getroffen, gibt es einen Erla\u00df, der uns erneut s\u00e4mtliche \u00dcbungs- und Ausbildungstreffen, sowie den gesamten Lehrgangsbetrieb untersagt. Mit dieser Regelung darf auch die Jugendfeuerwehr sich nicht mehr treffen und damit ist auch erneut keine Tannenbaumsammlung m\u00f6glich. Der Einsatzdienst ist davon bisher nicht betroffen und wir r\u00fccken weiter uneingeschr\u00e4nkt zu allen \u00fcblichen Eins\u00e4tzen aus.<\/p>\n\n\n\n<div class=\"wp-block-image\"><figure class=\"alignright size-medium\"><a href=\"https:\/\/feuerwehr-delkenheim.de\/wp-content\/uploads\/2021\/12\/2022noChristmasTreesAgain.jpg\"><img loading=\"lazy\" decoding=\"async\" width=\"295\" height=\"300\" src=\"https:\/\/feuerwehr-delkenheim.de\/wp-content\/uploads\/2021\/12\/2022noChristmasTreesAgain-295x300.jpg\" alt=\"\" class=\"wp-image-1631\" srcset=\"https:\/\/feuerwehr-delkenheim.de\/wp-content\/uploads\/2021\/12\/2022noChristmasTreesAgain-295x300.jpg 295w, https:\/\/feuerwehr-delkenheim.de\/wp-content\/uploads\/2021\/12\/2022noChristmasTreesAgain-1007x1024.jpg 1007w, https:\/\/feuerwehr-delkenheim.de\/wp-content\/uploads\/2021\/12\/2022noChristmasTreesAgain-768x781.jpg 768w, https:\/\/feuerwehr-delkenheim.de\/wp-content\/uploads\/2021\/12\/2022noChristmasTreesAgain.jpg 1024w\" sizes=\"auto, (max-width: 295px) 100vw, 295px\" \/><\/a><\/figure><\/div>\n\n\n\n<p>Leider geht dabei offenbar v\u00f6llig unter, dass damit vielen Mitgliedern &#8211; Jugendlichen wie Erwachsenen,  die Lust daran verloren geht, sich weiter f\u00fcr dieses Ehrenamt zu engagieren. Gerade sehr kleine Feuerwehren (das sind wir auch) haben gr\u00f6\u00dfte M\u00fche damit, die Attraktivit\u00e4t irgendwie zu halten, geschweige denn neue Interessenten f\u00fcr beide Abteilungen zu finden, was bei andauerndem Nicht-Treffen so gut wie unm\u00f6glich ist.<\/p>\n\n\n\n<p>Nun warten wir das Ende das Januars ab, wie sich die Lage entwickelt und wie es danach weiter geht, ob Omikron wie ein v\u00f6llig neues unbeherrschbares Virus daher kommt, oder ob die bis Mitte Dezember getroffenen Ma\u00dfnahmen eigentlich auch ganz gut waren, mit Omikron leben zu k\u00f6nnen.<\/p>\n\n\n\n<p>In jedem Fall w\u00fcnschen wir einen ruhigen, angenehmen und gesunden Rutsch ins Jahr 2022.<\/p>\n","protected":false},"excerpt":{"rendered":"<p>War die Lage im Herbst noch scheinbar unter Kontrolle, herrscht jetzt seitens Regierung die Angst vor einer bevorstehenden Omikron Welle und einem dadurch verursachten Ausfall kritischer Infrastrukturen, wie z.B. Teilen der Feuerwehr. Um sich nicht hinterher sagen zu lassen, man &hellip; <a href=\"https:\/\/feuerwehr-delkenheim.de\/?p=1632\">Weiterlesen <span class=\"meta-nav\">&rarr;<\/span><\/a><\/p>\n","protected":false},"author":1,"featured_media":1631,"comment_status":"closed","ping_status":"closed","sticky":false,"template":"","format":"standard","meta":{"jetpack_post_was_ever_published":false,"_jetpack_newsletter_access":"","_jetpack_dont_email_post_to_subs":false,"_jetpack_newsletter_tier_id":0,"_jetpack_memberships_contains_paywalled_content":false,"_jetpack_memberships_contains_paid_content":false,"footnotes":""},"categories":[2,3,4,5],"tags":[7],"class_list":["post-1632","post","type-post","status-publish","format-standard","has-post-thumbnail","hentry","category-allgemein","category-einsatzabteilung","category-jugendfeuerwehr","category-verein","tag-tannenbaumsammlung"],"jetpack_featured_media_url":"https:\/\/feuerwehr-delkenheim.de\/wp-content\/uploads\/2021\/12\/2022noChristmasTreesAgain.jpg","jetpack_sharing_enabled":true,"_links":{"self":[{"href":"https:\/\/feuerwehr-delkenheim.de\/index.php?rest_route=\/wp\/v2\/posts\/1632","targetHints":{"allow":["GET"]}}],"collection":[{"href":"https:\/\/feuerwehr-delkenheim.de\/index.php?rest_route=\/wp\/v2\/posts"}],"about":[{"href":"https:\/\/feuerwehr-delkenheim.de\/index.php?rest_route=\/wp\/v2\/types\/post"}],"author":[{"embeddable":true,"href":"https:\/\/feuerwehr-delkenheim.de\/index.php?rest_route=\/wp\/v2\/users\/1"}],"replies":[{"embeddable":true,"href":"https:\/\/feuerwehr-delkenheim.de\/index.php?rest_route=%2Fwp%2Fv2%2Fcomments&post=1632"}],"version-history":[{"count":2,"href":"https:\/\/feuerwehr-delkenheim.de\/index.php?rest_route=\/wp\/v2\/posts\/1632\/revisions"}],"predecessor-version":[{"id":1634,"href":"https:\/\/feuerwehr-delkenheim.de\/index.php?rest_route=\/wp\/v2\/posts\/1632\/revisions\/1634"}],"wp:featuredmedia":[{"embeddable":true,"href":"https:\/\/feuerwehr-delkenheim.de\/index.php?rest_route=\/wp\/v2\/media\/1631"}],"wp:attachment":[{"href":"https:\/\/feuerwehr-delkenheim.de\/index.php?rest_route=%2Fwp%2Fv2%2Fmedia&parent=1632"}],"wp:term":[{"taxonomy":"category","embeddable":true,"href":"https:\/\/feuerwehr-delkenheim.de\/index.php?rest_route=%2Fwp%2Fv2%2Fcategories&post=1632"},{"taxonomy":"post_tag","embeddable":true,"href":"https:\/\/feuerwehr-delkenheim.de\/index.php?rest_route=%2Fwp%2Fv2%2Ftags&post=1632"}],"curies":[{"name":"wp","href":"https:\/\/api.w.org\/{rel}","templated":true}]}}