{"id":1653,"date":"2022-01-11T17:55:30","date_gmt":"2022-01-11T15:55:30","guid":{"rendered":"https:\/\/feuerwehr-delkenheim.de\/?p=1653"},"modified":"2022-01-11T17:55:33","modified_gmt":"2022-01-11T15:55:33","slug":"sirenenprobe","status":"publish","type":"post","link":"https:\/\/feuerwehr-delkenheim.de\/?p=1653","title":{"rendered":"Sirenenprobe"},"content":{"rendered":"\n<div class=\"wp-block-image\"><figure class=\"aligncenter size-full\"><a href=\"https:\/\/feuerwehr-delkenheim.de\/wp-content\/uploads\/2022\/01\/Sirene.jpg\"><img loading=\"lazy\" decoding=\"async\" width=\"500\" height=\"625\" src=\"https:\/\/feuerwehr-delkenheim.de\/wp-content\/uploads\/2022\/01\/Sirene.jpg\" alt=\"\" class=\"wp-image-1652\" srcset=\"https:\/\/feuerwehr-delkenheim.de\/wp-content\/uploads\/2022\/01\/Sirene.jpg 500w, https:\/\/feuerwehr-delkenheim.de\/wp-content\/uploads\/2022\/01\/Sirene-240x300.jpg 240w\" sizes=\"auto, (max-width: 500px) 100vw, 500px\" \/><\/a><\/figure><\/div>\n\n\n\n<p>Um die Funktionsf\u00e4higkeit der stadtweit vorhandenen Sirenenanlagen zu pr\u00fcfen, findet f\u00fcnfmal im Jahr ein Test statt. Die n\u00e4chste Probe findet statt am<\/p>\n\n\n\n<p><strong>Dienstag, 11. Januar, 19 Uhr<\/strong><\/p>\n\n\n\n<p><br><strong>Warnung:<\/strong> auf- und abschwellender Ton von einer Minute Dauer<br><strong>Entwarnung:<\/strong> einmin\u00fctiger Dauerton<\/p>\n\n\n\n<p>Viele n\u00fctzliche Infos rund um das Thema <img loading=\"lazy\" decoding=\"async\" alt=\"&#x1f4e2;\" src=\"https:\/\/static.xx.fbcdn.net\/images\/emoji.php\/v9\/t39\/1\/16\/1f4e2.png\" width=\"16\" height=\"16\">&#8222;Warnung der Bev\u00f6lkerung&#8220;<img loading=\"lazy\" decoding=\"async\" alt=\"&#x1f4e2;\" src=\"https:\/\/static.xx.fbcdn.net\/images\/emoji.php\/v9\/t39\/1\/16\/1f4e2.png\" width=\"16\" height=\"16\"> findet ihr hier:<br><a href=\"https:\/\/www.wiesbaden.de\/microsite\/feuerwehr\/warnung-bevoelkerung\/index.php?fbclid=IwAR3UPbrj2E1WjkuusuFldl3UhYvgiLP7AE1ATCYI94YKCPDO7j-m1NzMnZ0\" rel=\"noreferrer noopener\" target=\"_blank\">https:\/\/www.wiesbaden.de\/&#8230;\/warnung-bevoelkerung\/index.php<\/a><\/p>\n","protected":false},"excerpt":{"rendered":"<p>Um die Funktionsf\u00e4higkeit der stadtweit vorhandenen Sirenenanlagen zu pr\u00fcfen, findet f\u00fcnfmal im Jahr ein Test statt. Die n\u00e4chste Probe findet statt am Dienstag, 11. Januar, 19 Uhr Warnung: auf- und abschwellender Ton von einer Minute DauerEntwarnung: einmin\u00fctiger Dauerton Viele n\u00fctzliche &hellip; <a href=\"https:\/\/feuerwehr-delkenheim.de\/?p=1653\">Weiterlesen <span class=\"meta-nav\">&rarr;<\/span><\/a><\/p>\n","protected":false},"author":1,"featured_media":0,"comment_status":"closed","ping_status":"closed","sticky":false,"template":"","format":"standard","meta":{"jetpack_post_was_ever_published":false,"_jetpack_newsletter_access":"","_jetpack_dont_email_post_to_subs":false,"_jetpack_newsletter_tier_id":0,"_jetpack_memberships_contains_paywalled_content":false,"_jetpack_memberships_contains_paid_content":false,"footnotes":""},"categories":[2],"tags":[116],"class_list":["post-1653","post","type-post","status-publish","format-standard","hentry","category-allgemein","tag-sirenenprobe"],"jetpack_featured_media_url":"","jetpack_sharing_enabled":true,"_links":{"self":[{"href":"https:\/\/feuerwehr-delkenheim.de\/index.php?rest_route=\/wp\/v2\/posts\/1653","targetHints":{"allow":["GET"]}}],"collection":[{"href":"https:\/\/feuerwehr-delkenheim.de\/index.php?rest_route=\/wp\/v2\/posts"}],"about":[{"href":"https:\/\/feuerwehr-delkenheim.de\/index.php?rest_route=\/wp\/v2\/types\/post"}],"author":[{"embeddable":true,"href":"https:\/\/feuerwehr-delkenheim.de\/index.php?rest_route=\/wp\/v2\/users\/1"}],"replies":[{"embeddable":true,"href":"https:\/\/feuerwehr-delkenheim.de\/index.php?rest_route=%2Fwp%2Fv2%2Fcomments&post=1653"}],"version-history":[{"count":1,"href":"https:\/\/feuerwehr-delkenheim.de\/index.php?rest_route=\/wp\/v2\/posts\/1653\/revisions"}],"predecessor-version":[{"id":1654,"href":"https:\/\/feuerwehr-delkenheim.de\/index.php?rest_route=\/wp\/v2\/posts\/1653\/revisions\/1654"}],"wp:attachment":[{"href":"https:\/\/feuerwehr-delkenheim.de\/index.php?rest_route=%2Fwp%2Fv2%2Fmedia&parent=1653"}],"wp:term":[{"taxonomy":"category","embeddable":true,"href":"https:\/\/feuerwehr-delkenheim.de\/index.php?rest_route=%2Fwp%2Fv2%2Fcategories&post=1653"},{"taxonomy":"post_tag","embeddable":true,"href":"https:\/\/feuerwehr-delkenheim.de\/index.php?rest_route=%2Fwp%2Fv2%2Ftags&post=1653"}],"curies":[{"name":"wp","href":"https:\/\/api.w.org\/{rel}","templated":true}]}}