{"id":1664,"date":"2022-03-01T21:00:00","date_gmt":"2022-03-01T19:00:00","guid":{"rendered":"https:\/\/feuerwehr-delkenheim.de\/?p=1664"},"modified":"2022-03-01T22:06:42","modified_gmt":"2022-03-01T20:06:42","slug":"qualm-in-kueche","status":"publish","type":"post","link":"https:\/\/feuerwehr-delkenheim.de\/?p=1664","title":{"rendered":"Qualm in K\u00fcche"},"content":{"rendered":"\n<p>Am Abend des 01. M\u00e4rz kam es kurz vor 18 Uhr zu einem Alarm &#8222;F2&#8220; &#8211; Brand in einer K\u00fcche &#8211; in einem mehrst\u00f6ckigen Mehrfamilienhaus in der Mannheimer Stra\u00dfe. Gemeldet war eine unklare Rauchentwicklung in einer K\u00fcche in einem der oberen Stockwerke.<\/p>\n\n\n\n<p>Bei diesem Alarmstichwort werden wir gemeinsam mit der Freiwilligen Feuerwehr Wiesbaden-Nordenstadt und einem L\u00f6schzug der Berufsfeuerwehr, bestehend aus mehreren Fahrzeugen der Feuerwachen 2 und 3, sowie einem Rettungswagen alarmiert. Durch die k\u00fcrzeste Anfahrt trafen wir auch als erstes am Zielort ein und erkundeten die Lage.<\/p>\n\n\n\n<p>Erschwerend kam hinzu, dass man aufgrund der Parksituation (vielfach wird in zweiter Reihe geparkt) in dieser und den angrenzenden Stra\u00dfen nur schwer die Fahrzeuge aufstellen kann, der n\u00e4chste Hydrant in der Stra\u00dfe durch einen PKW zugeparkt war und die Feuerwehrzufahrt f\u00fcr die Drehleiter vor dem Geb\u00e4ude durch einen Sperrm\u00fcllhaufen unpassierbar verstellt war.<\/p>\n\n\n\n<p>Vorsorglich ausger\u00fcstet mit schwerem Atemschutz, der aber nicht zum Einsatz kam, sowie mit einem Kleinl\u00f6schger\u00e4t erkundete ein Trupp die Wohnung. Hier haben die Bewohner bereits geistesgegenw\u00e4rtig gehandelt und die Rauchentwicklung durch sofortiges Abschalten der gesamten Stromversorgung der Wohnung unterbunden. Allerdings konnte nach umfassenden Suchma\u00dfnahmen und trotz Verwendung einer W\u00e4rmebildkamera bei gleichzeitigem Bel\u00fcften der Wohnung keine genaue Ursache festgestellt werden.<\/p>\n\n\n\n<p>Da die Bewohner inklusive Kinder zumindest kurzzeitig direkt der urspr\u00fcnglichen Rauchentwicklung in unbekannter Menge ausgesetzt waren, wurden sie umfassend vom Rettungsdienst untersucht.<\/p>\n\n\n\n<p>Schlussendlich konnten wir ohne weitere Feststellung alle wieder einr\u00fccken.<\/p>\n","protected":false},"excerpt":{"rendered":"<p>Am Abend des 01. M\u00e4rz kam es kurz vor 18 Uhr zu einem Alarm &#8222;F2&#8220; &#8211; Brand in einer K\u00fcche &#8211; in einem mehrst\u00f6ckigen Mehrfamilienhaus in der Mannheimer Stra\u00dfe. Gemeldet war eine unklare Rauchentwicklung in einer K\u00fcche in einem der &hellip; <a href=\"https:\/\/feuerwehr-delkenheim.de\/?p=1664\">Weiterlesen <span class=\"meta-nav\">&rarr;<\/span><\/a><\/p>\n","protected":false},"author":1,"featured_media":0,"comment_status":"closed","ping_status":"closed","sticky":false,"template":"","format":"standard","meta":{"jetpack_post_was_ever_published":false,"_jetpack_newsletter_access":"","_jetpack_dont_email_post_to_subs":false,"_jetpack_newsletter_tier_id":0,"_jetpack_memberships_contains_paywalled_content":false,"_jetpack_memberships_contains_paid_content":false,"footnotes":""},"categories":[3],"tags":[50,54,120,119],"class_list":["post-1664","post","type-post","status-publish","format-standard","hentry","category-einsatzabteilung","tag-einsatz","tag-mehrfamilienhaus","tag-rauchentwicklung","tag-wohnung"],"jetpack_featured_media_url":"","jetpack_sharing_enabled":true,"_links":{"self":[{"href":"https:\/\/feuerwehr-delkenheim.de\/index.php?rest_route=\/wp\/v2\/posts\/1664","targetHints":{"allow":["GET"]}}],"collection":[{"href":"https:\/\/feuerwehr-delkenheim.de\/index.php?rest_route=\/wp\/v2\/posts"}],"about":[{"href":"https:\/\/feuerwehr-delkenheim.de\/index.php?rest_route=\/wp\/v2\/types\/post"}],"author":[{"embeddable":true,"href":"https:\/\/feuerwehr-delkenheim.de\/index.php?rest_route=\/wp\/v2\/users\/1"}],"replies":[{"embeddable":true,"href":"https:\/\/feuerwehr-delkenheim.de\/index.php?rest_route=%2Fwp%2Fv2%2Fcomments&post=1664"}],"version-history":[{"count":1,"href":"https:\/\/feuerwehr-delkenheim.de\/index.php?rest_route=\/wp\/v2\/posts\/1664\/revisions"}],"predecessor-version":[{"id":1665,"href":"https:\/\/feuerwehr-delkenheim.de\/index.php?rest_route=\/wp\/v2\/posts\/1664\/revisions\/1665"}],"wp:attachment":[{"href":"https:\/\/feuerwehr-delkenheim.de\/index.php?rest_route=%2Fwp%2Fv2%2Fmedia&parent=1664"}],"wp:term":[{"taxonomy":"category","embeddable":true,"href":"https:\/\/feuerwehr-delkenheim.de\/index.php?rest_route=%2Fwp%2Fv2%2Fcategories&post=1664"},{"taxonomy":"post_tag","embeddable":true,"href":"https:\/\/feuerwehr-delkenheim.de\/index.php?rest_route=%2Fwp%2Fv2%2Ftags&post=1664"}],"curies":[{"name":"wp","href":"https:\/\/api.w.org\/{rel}","templated":true}]}}