{"id":1672,"date":"2022-04-22T16:58:00","date_gmt":"2022-04-22T14:58:00","guid":{"rendered":"https:\/\/feuerwehr-delkenheim.de\/?p=1672"},"modified":"2022-04-25T17:24:21","modified_gmt":"2022-04-25T15:24:21","slug":"vermeintlich-feuer-im-feld-oder-doch-ein-baum","status":"publish","type":"post","link":"https:\/\/feuerwehr-delkenheim.de\/?p=1672","title":{"rendered":"Vermeintlich Feuer im Feld &#8211; oder doch ein Baum?"},"content":{"rendered":"\n<div class=\"wp-block-image\"><figure class=\"alignleft size-medium is-resized\"><a href=\"https:\/\/feuerwehr-delkenheim.de\/wp-content\/uploads\/2022\/04\/Brandstelle.jpg\"><img loading=\"lazy\" decoding=\"async\" src=\"https:\/\/feuerwehr-delkenheim.de\/wp-content\/uploads\/2022\/04\/Brandstelle-300x297.jpg\" alt=\"\" class=\"wp-image-1674\" width=\"225\" height=\"223\" srcset=\"https:\/\/feuerwehr-delkenheim.de\/wp-content\/uploads\/2022\/04\/Brandstelle-300x297.jpg 300w, https:\/\/feuerwehr-delkenheim.de\/wp-content\/uploads\/2022\/04\/Brandstelle-150x150.jpg 150w, https:\/\/feuerwehr-delkenheim.de\/wp-content\/uploads\/2022\/04\/Brandstelle-768x761.jpg 768w, https:\/\/feuerwehr-delkenheim.de\/wp-content\/uploads\/2022\/04\/Brandstelle-303x300.jpg 303w, https:\/\/feuerwehr-delkenheim.de\/wp-content\/uploads\/2022\/04\/Brandstelle.jpg 1024w\" sizes=\"auto, (max-width: 225px) 100vw, 225px\" \/><\/a><figcaption>Glutreste<\/figcaption><\/figure><\/div>\n\n\n\n<p>Am Mittag des 21. April &#8211; einem Donnerstag nach Ostern &#8211; wurden wir zu einem Brand au\u00dferhalb der L\u00f6schwasserversorgung im Feld \u00f6stlich des Friedhofs, unweit der Gaspumpstation gerufen.<\/p>\n\n\n\n<p>Vor Ort eingetroffen fanden wir aber nur einen Delkenheimer B\u00fcrger bei einem ordentlich angemeldeten und kontrolliertem Gr\u00fcnschnittfeuer vor, welches auch l\u00e4ngst abgebrannt war und nur noch eine Restglut aufwies. Nichts zu tun f\u00fcr uns.<\/p>\n\n\n\n<p><\/p>\n\n\n\n<div class=\"wp-block-image\"><figure class=\"alignright size-medium is-resized\"><a href=\"https:\/\/feuerwehr-delkenheim.de\/wp-content\/uploads\/2022\/04\/Baum.jpg\"><img loading=\"lazy\" decoding=\"async\" src=\"https:\/\/feuerwehr-delkenheim.de\/wp-content\/uploads\/2022\/04\/Baum-300x225.jpg\" alt=\"\" class=\"wp-image-1675\" width=\"225\" height=\"169\" srcset=\"https:\/\/feuerwehr-delkenheim.de\/wp-content\/uploads\/2022\/04\/Baum-300x225.jpg 300w, https:\/\/feuerwehr-delkenheim.de\/wp-content\/uploads\/2022\/04\/Baum-1024x768.jpg 1024w, https:\/\/feuerwehr-delkenheim.de\/wp-content\/uploads\/2022\/04\/Baum-768x576.jpg 768w, https:\/\/feuerwehr-delkenheim.de\/wp-content\/uploads\/2022\/04\/Baum-400x300.jpg 400w, https:\/\/feuerwehr-delkenheim.de\/wp-content\/uploads\/2022\/04\/Baum.jpg 1280w\" sizes=\"auto, (max-width: 225px) 100vw, 225px\" \/><\/a><figcaption>wieder freie Bahn<\/figcaption><\/figure><\/div>\n\n\n\n<p>Wirklich zuf\u00e4llig befand sich aber direkt daneben ein sehr gro\u00dfer abgebrochener bzw abgefaulter Ast eines Baumes quer \u00fcber dem Weg, so dass ein Durchkommen zur L3017 blockiert war. Und da wir nun schon mal vor Ort waren, sorgten wir daf\u00fcr, dass diese Verbindung wieder f\u00fcr Fu\u00dfg\u00e4nger und Fahrradfahrer, sowie Rettungsfahrzeuge passierbar wurde.<\/p>\n","protected":false},"excerpt":{"rendered":"<p>Am Mittag des 21. April &#8211; einem Donnerstag nach Ostern &#8211; wurden wir zu einem Brand au\u00dferhalb der L\u00f6schwasserversorgung im Feld \u00f6stlich des Friedhofs, unweit der Gaspumpstation gerufen. Vor Ort eingetroffen fanden wir aber nur einen Delkenheimer B\u00fcrger bei einem &hellip; <a href=\"https:\/\/feuerwehr-delkenheim.de\/?p=1672\">Weiterlesen <span class=\"meta-nav\">&rarr;<\/span><\/a><\/p>\n","protected":false},"author":1,"featured_media":0,"comment_status":"closed","ping_status":"closed","sticky":false,"template":"","format":"standard","meta":{"jetpack_post_was_ever_published":false,"_jetpack_newsletter_access":"","_jetpack_dont_email_post_to_subs":false,"_jetpack_newsletter_tier_id":0,"_jetpack_memberships_contains_paywalled_content":false,"_jetpack_memberships_contains_paid_content":false,"footnotes":""},"categories":[3],"tags":[92,42,50],"class_list":["post-1672","post","type-post","status-publish","format-standard","hentry","category-einsatzabteilung","tag-baum","tag-brand","tag-einsatz"],"jetpack_featured_media_url":"","jetpack_sharing_enabled":true,"_links":{"self":[{"href":"https:\/\/feuerwehr-delkenheim.de\/index.php?rest_route=\/wp\/v2\/posts\/1672","targetHints":{"allow":["GET"]}}],"collection":[{"href":"https:\/\/feuerwehr-delkenheim.de\/index.php?rest_route=\/wp\/v2\/posts"}],"about":[{"href":"https:\/\/feuerwehr-delkenheim.de\/index.php?rest_route=\/wp\/v2\/types\/post"}],"author":[{"embeddable":true,"href":"https:\/\/feuerwehr-delkenheim.de\/index.php?rest_route=\/wp\/v2\/users\/1"}],"replies":[{"embeddable":true,"href":"https:\/\/feuerwehr-delkenheim.de\/index.php?rest_route=%2Fwp%2Fv2%2Fcomments&post=1672"}],"version-history":[{"count":2,"href":"https:\/\/feuerwehr-delkenheim.de\/index.php?rest_route=\/wp\/v2\/posts\/1672\/revisions"}],"predecessor-version":[{"id":1676,"href":"https:\/\/feuerwehr-delkenheim.de\/index.php?rest_route=\/wp\/v2\/posts\/1672\/revisions\/1676"}],"wp:attachment":[{"href":"https:\/\/feuerwehr-delkenheim.de\/index.php?rest_route=%2Fwp%2Fv2%2Fmedia&parent=1672"}],"wp:term":[{"taxonomy":"category","embeddable":true,"href":"https:\/\/feuerwehr-delkenheim.de\/index.php?rest_route=%2Fwp%2Fv2%2Fcategories&post=1672"},{"taxonomy":"post_tag","embeddable":true,"href":"https:\/\/feuerwehr-delkenheim.de\/index.php?rest_route=%2Fwp%2Fv2%2Ftags&post=1672"}],"curies":[{"name":"wp","href":"https:\/\/api.w.org\/{rel}","templated":true}]}}