{"id":1677,"date":"2022-04-25T17:58:14","date_gmt":"2022-04-25T15:58:14","guid":{"rendered":"https:\/\/feuerwehr-delkenheim.de\/?p=1677"},"modified":"2022-04-25T21:00:55","modified_gmt":"2022-04-25T19:00:55","slug":"lkw-verkehrsunfall-auf-der-a3-2","status":"publish","type":"post","link":"https:\/\/feuerwehr-delkenheim.de\/?p=1677","title":{"rendered":"LKW Verkehrsunfall auf der A3"},"content":{"rendered":"\n<div class=\"wp-block-image\"><figure class=\"alignright size-medium\"><a href=\"https:\/\/feuerwehr-delkenheim.de\/wp-content\/uploads\/2022\/04\/LKW.jpg\"><img loading=\"lazy\" decoding=\"async\" width=\"300\" height=\"225\" src=\"https:\/\/feuerwehr-delkenheim.de\/wp-content\/uploads\/2022\/04\/LKW-300x225.jpg\" alt=\"\" class=\"wp-image-1679\" srcset=\"https:\/\/feuerwehr-delkenheim.de\/wp-content\/uploads\/2022\/04\/LKW-300x225.jpg 300w, https:\/\/feuerwehr-delkenheim.de\/wp-content\/uploads\/2022\/04\/LKW-1024x768.jpg 1024w, https:\/\/feuerwehr-delkenheim.de\/wp-content\/uploads\/2022\/04\/LKW-768x576.jpg 768w, https:\/\/feuerwehr-delkenheim.de\/wp-content\/uploads\/2022\/04\/LKW-1536x1152.jpg 1536w, https:\/\/feuerwehr-delkenheim.de\/wp-content\/uploads\/2022\/04\/LKW-400x300.jpg 400w, https:\/\/feuerwehr-delkenheim.de\/wp-content\/uploads\/2022\/04\/LKW.jpg 1631w\" sizes=\"auto, (max-width: 300px) 100vw, 300px\" \/><\/a><figcaption>Bild: Feuerwehr Wiesbaden<\/figcaption><\/figure><\/div>\n\n\n\n<p>Am 25. April wurden wir nachmittags gemeinsam mit der Berufsfeuerwehr Wiesbaden und der Freiwilligen Feuerwehr Wiesbaden-Nordenstadt auf die A3 kurz hinter das Wiesbadener Kreuz alarmiert. Hier ereignete sich ein schwerer Unfall zwischen 2 LKW. Ein kleinerer Lastkraftwagen fuhr einem gr\u00f6\u00dferen, vermutlich am Stauende, auf. Beim auffahrenden LKW verletzten sich die beiden Insassen schwer. Eine der beiden Personen wurde im F\u00fchrerhaus eingeklemmt und von der Feuerwehr befreit.<\/p>\n\n\n\n<p>Zur medizinischen Versorgung landete ein Rettungshubschrauber, welcher die eingeklemmte Person in ein Krankenhaus flog, w\u00e4hrend die andere schwerverletzte Person mittels Rettungswagen transportiert wurde.<\/p>\n\n\n\n<p>Die Kr\u00e4fte aus Delkenheim unterst\u00fctzten die Berufsfeuerwehr bei der technischen Rettung und streuten auslaufende Betriebsstoffe ab. Gl\u00fccklicherweise konnten alle Rettungsma\u00dfnahmen abgeschlossen werden, bevor ein starkes Gewitter am sp\u00e4ten Nachmittag \u00fcber Wiesbaden und die Einsatzstelle zog.<\/p>\n\n\n\n<p>Mehr dar\u00fcber auch bei <a href=\"http:\/\/www.wiesbadenaktuell.de\/nachrichten\/news-detail-view\/article\/lkw-fahrer-nach-crash-auf-a3-bei-wallau-eingeklemmt.html\" target=\"_blank\" rel=\"noreferrer noopener\">wiesbadenaktuell.de<\/a><\/p>\n","protected":false},"excerpt":{"rendered":"<p>Am 25. April wurden wir nachmittags gemeinsam mit der Berufsfeuerwehr Wiesbaden und der Freiwilligen Feuerwehr Wiesbaden-Nordenstadt auf die A3 kurz hinter das Wiesbadener Kreuz alarmiert. Hier ereignete sich ein schwerer Unfall zwischen 2 LKW. Ein kleinerer Lastkraftwagen fuhr einem gr\u00f6\u00dferen, &hellip; <a href=\"https:\/\/feuerwehr-delkenheim.de\/?p=1677\">Weiterlesen <span class=\"meta-nav\">&rarr;<\/span><\/a><\/p>\n","protected":false},"author":1,"featured_media":0,"comment_status":"closed","ping_status":"closed","sticky":false,"template":"","format":"standard","meta":{"jetpack_post_was_ever_published":false,"_jetpack_newsletter_access":"","_jetpack_dont_email_post_to_subs":false,"_jetpack_newsletter_tier_id":0,"_jetpack_memberships_contains_paywalled_content":false,"_jetpack_memberships_contains_paid_content":false,"footnotes":""},"categories":[3],"tags":[69,50,110,83],"class_list":["post-1677","post","type-post","status-publish","format-standard","hentry","category-einsatzabteilung","tag-autobahn","tag-einsatz","tag-lkw","tag-verkehrsunfall"],"jetpack_featured_media_url":"","jetpack_sharing_enabled":true,"_links":{"self":[{"href":"https:\/\/feuerwehr-delkenheim.de\/index.php?rest_route=\/wp\/v2\/posts\/1677","targetHints":{"allow":["GET"]}}],"collection":[{"href":"https:\/\/feuerwehr-delkenheim.de\/index.php?rest_route=\/wp\/v2\/posts"}],"about":[{"href":"https:\/\/feuerwehr-delkenheim.de\/index.php?rest_route=\/wp\/v2\/types\/post"}],"author":[{"embeddable":true,"href":"https:\/\/feuerwehr-delkenheim.de\/index.php?rest_route=\/wp\/v2\/users\/1"}],"replies":[{"embeddable":true,"href":"https:\/\/feuerwehr-delkenheim.de\/index.php?rest_route=%2Fwp%2Fv2%2Fcomments&post=1677"}],"version-history":[{"count":4,"href":"https:\/\/feuerwehr-delkenheim.de\/index.php?rest_route=\/wp\/v2\/posts\/1677\/revisions"}],"predecessor-version":[{"id":1682,"href":"https:\/\/feuerwehr-delkenheim.de\/index.php?rest_route=\/wp\/v2\/posts\/1677\/revisions\/1682"}],"wp:attachment":[{"href":"https:\/\/feuerwehr-delkenheim.de\/index.php?rest_route=%2Fwp%2Fv2%2Fmedia&parent=1677"}],"wp:term":[{"taxonomy":"category","embeddable":true,"href":"https:\/\/feuerwehr-delkenheim.de\/index.php?rest_route=%2Fwp%2Fv2%2Fcategories&post=1677"},{"taxonomy":"post_tag","embeddable":true,"href":"https:\/\/feuerwehr-delkenheim.de\/index.php?rest_route=%2Fwp%2Fv2%2Ftags&post=1677"}],"curies":[{"name":"wp","href":"https:\/\/api.w.org\/{rel}","templated":true}]}}