{"id":1686,"date":"2022-05-21T20:52:00","date_gmt":"2022-05-21T18:52:00","guid":{"rendered":"https:\/\/feuerwehr-delkenheim.de\/?p=1686"},"modified":"2022-05-22T01:01:36","modified_gmt":"2022-05-21T23:01:36","slug":"schmorbrand-nach-kurzschluss","status":"publish","type":"post","link":"https:\/\/feuerwehr-delkenheim.de\/?p=1686","title":{"rendered":"Schmorbrand nach Kurzschluss"},"content":{"rendered":"\n<p>Am Nachmittag des Samstag, 21.  Mai kam es in einer Wohnung in der Pf\u00e4lzer-Wald-Stra\u00dfe  zu einem Kurzschlu\u00df in einem Kochfeld, worauf ein elektrischer Schmorbrand einsetzte, der dann auch in Flammenbildung \u00fcber ging. Geistesgegenw\u00e4rtig stellte die Bewohnerin den Strom in der gesamten Wohnung ab und informierte die Feuerwehr.<\/p>\n\n\n\n<p>Somit wurden wir, zusammen mit der Freiwilligen Feuerwehr Wiesbaden-Nordenstadt und einem L\u00f6schzug der Berufsfeuerwehr Wiesbaden alarmiert und bereiteten direkt nach dem Eintreffen einen m\u00f6glichen L\u00f6scheinsatz unter Atemschutz vor.<\/p>\n\n\n\n<p>Gl\u00fccklicherweise aber erwies sich das Abstellen des Stromes als goldrichtig, so dass sich der Schmorbrand dann selbst beendete. Die Wohnung wurde durchgel\u00fcftet und das Kochfeld von seinem Elektroanschluss befreit. <\/p>\n","protected":false},"excerpt":{"rendered":"<p>Am Nachmittag des Samstag, 21. Mai kam es in einer Wohnung in der Pf\u00e4lzer-Wald-Stra\u00dfe zu einem Kurzschlu\u00df in einem Kochfeld, worauf ein elektrischer Schmorbrand einsetzte, der dann auch in Flammenbildung \u00fcber ging. Geistesgegenw\u00e4rtig stellte die Bewohnerin den Strom in der &hellip; <a href=\"https:\/\/feuerwehr-delkenheim.de\/?p=1686\">Weiterlesen <span class=\"meta-nav\">&rarr;<\/span><\/a><\/p>\n","protected":false},"author":1,"featured_media":0,"comment_status":"closed","ping_status":"closed","sticky":false,"template":"","format":"standard","meta":{"jetpack_post_was_ever_published":false,"_jetpack_newsletter_access":"","_jetpack_dont_email_post_to_subs":false,"_jetpack_newsletter_tier_id":0,"_jetpack_memberships_contains_paywalled_content":false,"_jetpack_memberships_contains_paid_content":false,"footnotes":""},"categories":[3],"tags":[42,50,66],"class_list":["post-1686","post","type-post","status-publish","format-standard","hentry","category-einsatzabteilung","tag-brand","tag-einsatz","tag-kueche"],"jetpack_featured_media_url":"","jetpack_sharing_enabled":true,"_links":{"self":[{"href":"https:\/\/feuerwehr-delkenheim.de\/index.php?rest_route=\/wp\/v2\/posts\/1686","targetHints":{"allow":["GET"]}}],"collection":[{"href":"https:\/\/feuerwehr-delkenheim.de\/index.php?rest_route=\/wp\/v2\/posts"}],"about":[{"href":"https:\/\/feuerwehr-delkenheim.de\/index.php?rest_route=\/wp\/v2\/types\/post"}],"author":[{"embeddable":true,"href":"https:\/\/feuerwehr-delkenheim.de\/index.php?rest_route=\/wp\/v2\/users\/1"}],"replies":[{"embeddable":true,"href":"https:\/\/feuerwehr-delkenheim.de\/index.php?rest_route=%2Fwp%2Fv2%2Fcomments&post=1686"}],"version-history":[{"count":1,"href":"https:\/\/feuerwehr-delkenheim.de\/index.php?rest_route=\/wp\/v2\/posts\/1686\/revisions"}],"predecessor-version":[{"id":1687,"href":"https:\/\/feuerwehr-delkenheim.de\/index.php?rest_route=\/wp\/v2\/posts\/1686\/revisions\/1687"}],"wp:attachment":[{"href":"https:\/\/feuerwehr-delkenheim.de\/index.php?rest_route=%2Fwp%2Fv2%2Fmedia&parent=1686"}],"wp:term":[{"taxonomy":"category","embeddable":true,"href":"https:\/\/feuerwehr-delkenheim.de\/index.php?rest_route=%2Fwp%2Fv2%2Fcategories&post=1686"},{"taxonomy":"post_tag","embeddable":true,"href":"https:\/\/feuerwehr-delkenheim.de\/index.php?rest_route=%2Fwp%2Fv2%2Ftags&post=1686"}],"curies":[{"name":"wp","href":"https:\/\/api.w.org\/{rel}","templated":true}]}}