{"id":1704,"date":"2022-06-24T22:00:00","date_gmt":"2022-06-24T20:00:00","guid":{"rendered":"https:\/\/feuerwehr-delkenheim.de\/?p=1704"},"modified":"2022-10-04T02:48:32","modified_gmt":"2022-10-04T00:48:32","slug":"abgeknickter-baum","status":"publish","type":"post","link":"https:\/\/feuerwehr-delkenheim.de\/?p=1704","title":{"rendered":"Abgeknickter Baum"},"content":{"rendered":"\n<p>Am Abend es 24. Juni kam es nach etwas Regenwetter zu einem Alarm. Ein Baum soll einen vielgenutzten Feldweg in der Verl\u00e4ngerung der Teutoburger-Wald-Stra\u00dfe blockieren.<\/p>\n\n\n\n<figure class=\"wp-block-image size-large\"><a href=\"https:\/\/feuerwehr-delkenheim.de\/wp-content\/uploads\/2022\/10\/Baum202206.jpg\"><img loading=\"lazy\" decoding=\"async\" width=\"1024\" height=\"768\" src=\"https:\/\/feuerwehr-delkenheim.de\/wp-content\/uploads\/2022\/10\/Baum202206-1024x768.jpg\" alt=\"\" class=\"wp-image-1703\" srcset=\"https:\/\/feuerwehr-delkenheim.de\/wp-content\/uploads\/2022\/10\/Baum202206-1024x768.jpg 1024w, https:\/\/feuerwehr-delkenheim.de\/wp-content\/uploads\/2022\/10\/Baum202206-300x225.jpg 300w, https:\/\/feuerwehr-delkenheim.de\/wp-content\/uploads\/2022\/10\/Baum202206-768x576.jpg 768w, https:\/\/feuerwehr-delkenheim.de\/wp-content\/uploads\/2022\/10\/Baum202206-400x300.jpg 400w, https:\/\/feuerwehr-delkenheim.de\/wp-content\/uploads\/2022\/10\/Baum202206.jpg 1280w\" sizes=\"auto, (max-width: 1024px) 100vw, 1024px\" \/><\/a><\/figure>\n\n\n\n<p>Einer der Hauptst\u00e4mme lag tats\u00e4chlich quer \u00fcber dem gesamten Weg, so dass wir ihn kurzerhand in kleinere Teile zers\u00e4gten und dann zur Seite bewegten. Nach weniger als einer Stunde war der Weg somit wieder frei benutzbar.<\/p>\n","protected":false},"excerpt":{"rendered":"<p>Am Abend es 24. Juni kam es nach etwas Regenwetter zu einem Alarm. Ein Baum soll einen vielgenutzten Feldweg in der Verl\u00e4ngerung der Teutoburger-Wald-Stra\u00dfe blockieren. Einer der Hauptst\u00e4mme lag tats\u00e4chlich quer \u00fcber dem gesamten Weg, so dass wir ihn kurzerhand &hellip; <a href=\"https:\/\/feuerwehr-delkenheim.de\/?p=1704\">Weiterlesen <span class=\"meta-nav\">&rarr;<\/span><\/a><\/p>\n","protected":false},"author":1,"featured_media":0,"comment_status":"closed","ping_status":"closed","sticky":false,"template":"","format":"standard","meta":{"jetpack_post_was_ever_published":false,"_jetpack_newsletter_access":"","_jetpack_dont_email_post_to_subs":false,"_jetpack_newsletter_tier_id":0,"_jetpack_memberships_contains_paywalled_content":false,"_jetpack_memberships_contains_paid_content":false,"footnotes":""},"categories":[3],"tags":[92,49],"class_list":["post-1704","post","type-post","status-publish","format-standard","hentry","category-einsatzabteilung","tag-baum","tag-unwetter"],"jetpack_featured_media_url":"","jetpack_sharing_enabled":true,"_links":{"self":[{"href":"https:\/\/feuerwehr-delkenheim.de\/index.php?rest_route=\/wp\/v2\/posts\/1704","targetHints":{"allow":["GET"]}}],"collection":[{"href":"https:\/\/feuerwehr-delkenheim.de\/index.php?rest_route=\/wp\/v2\/posts"}],"about":[{"href":"https:\/\/feuerwehr-delkenheim.de\/index.php?rest_route=\/wp\/v2\/types\/post"}],"author":[{"embeddable":true,"href":"https:\/\/feuerwehr-delkenheim.de\/index.php?rest_route=\/wp\/v2\/users\/1"}],"replies":[{"embeddable":true,"href":"https:\/\/feuerwehr-delkenheim.de\/index.php?rest_route=%2Fwp%2Fv2%2Fcomments&post=1704"}],"version-history":[{"count":1,"href":"https:\/\/feuerwehr-delkenheim.de\/index.php?rest_route=\/wp\/v2\/posts\/1704\/revisions"}],"predecessor-version":[{"id":1705,"href":"https:\/\/feuerwehr-delkenheim.de\/index.php?rest_route=\/wp\/v2\/posts\/1704\/revisions\/1705"}],"wp:attachment":[{"href":"https:\/\/feuerwehr-delkenheim.de\/index.php?rest_route=%2Fwp%2Fv2%2Fmedia&parent=1704"}],"wp:term":[{"taxonomy":"category","embeddable":true,"href":"https:\/\/feuerwehr-delkenheim.de\/index.php?rest_route=%2Fwp%2Fv2%2Fcategories&post=1704"},{"taxonomy":"post_tag","embeddable":true,"href":"https:\/\/feuerwehr-delkenheim.de\/index.php?rest_route=%2Fwp%2Fv2%2Ftags&post=1704"}],"curies":[{"name":"wp","href":"https:\/\/api.w.org\/{rel}","templated":true}]}}