{"id":1706,"date":"2022-06-29T16:00:00","date_gmt":"2022-06-29T14:00:00","guid":{"rendered":"https:\/\/feuerwehr-delkenheim.de\/?p=1706"},"modified":"2022-10-04T02:53:24","modified_gmt":"2022-10-04T00:53:24","slug":"brennender-lkw-auf-der-a3","status":"publish","type":"post","link":"https:\/\/feuerwehr-delkenheim.de\/?p=1706","title":{"rendered":"Brennender LKW auf der A3"},"content":{"rendered":"\n<p>Zu einem brennenden LKW auf der A3 wurden wir am Mittag des 29. Juni zusammen mit der Freiwilligen Feuerwehr Wiesbaden-Nordenstadt und der Berufsfeuerwehr alarmiert. Vor Ort fanden wir eine Sattelzugmaschine, die tats\u00e4chlich aus dem Motorraum hinter dem F\u00fchrerhaus heraus gebrannt hatte, jedoch durch den Fahrer schon recht erfolgreich mit einem Pulverfeuerl\u00f6scher abgel\u00f6scht war. Da es aber weiter zu schmoren schien, wurde mit einem Schnellangriffsrohr noch einmal kr\u00e4ftig nachgel\u00f6scht.<\/p>\n","protected":false},"excerpt":{"rendered":"<p>Zu einem brennenden LKW auf der A3 wurden wir am Mittag des 29. Juni zusammen mit der Freiwilligen Feuerwehr Wiesbaden-Nordenstadt und der Berufsfeuerwehr alarmiert. Vor Ort fanden wir eine Sattelzugmaschine, die tats\u00e4chlich aus dem Motorraum hinter dem F\u00fchrerhaus heraus gebrannt &hellip; <a href=\"https:\/\/feuerwehr-delkenheim.de\/?p=1706\">Weiterlesen <span class=\"meta-nav\">&rarr;<\/span><\/a><\/p>\n","protected":false},"author":1,"featured_media":0,"comment_status":"closed","ping_status":"closed","sticky":false,"template":"","format":"standard","meta":{"jetpack_post_was_ever_published":false,"_jetpack_newsletter_access":"","_jetpack_dont_email_post_to_subs":false,"_jetpack_newsletter_tier_id":0,"_jetpack_memberships_contains_paywalled_content":false,"_jetpack_memberships_contains_paid_content":false,"footnotes":""},"categories":[3],"tags":[69,42,110],"class_list":["post-1706","post","type-post","status-publish","format-standard","hentry","category-einsatzabteilung","tag-autobahn","tag-brand","tag-lkw"],"jetpack_featured_media_url":"","jetpack_sharing_enabled":true,"_links":{"self":[{"href":"https:\/\/feuerwehr-delkenheim.de\/index.php?rest_route=\/wp\/v2\/posts\/1706","targetHints":{"allow":["GET"]}}],"collection":[{"href":"https:\/\/feuerwehr-delkenheim.de\/index.php?rest_route=\/wp\/v2\/posts"}],"about":[{"href":"https:\/\/feuerwehr-delkenheim.de\/index.php?rest_route=\/wp\/v2\/types\/post"}],"author":[{"embeddable":true,"href":"https:\/\/feuerwehr-delkenheim.de\/index.php?rest_route=\/wp\/v2\/users\/1"}],"replies":[{"embeddable":true,"href":"https:\/\/feuerwehr-delkenheim.de\/index.php?rest_route=%2Fwp%2Fv2%2Fcomments&post=1706"}],"version-history":[{"count":1,"href":"https:\/\/feuerwehr-delkenheim.de\/index.php?rest_route=\/wp\/v2\/posts\/1706\/revisions"}],"predecessor-version":[{"id":1707,"href":"https:\/\/feuerwehr-delkenheim.de\/index.php?rest_route=\/wp\/v2\/posts\/1706\/revisions\/1707"}],"wp:attachment":[{"href":"https:\/\/feuerwehr-delkenheim.de\/index.php?rest_route=%2Fwp%2Fv2%2Fmedia&parent=1706"}],"wp:term":[{"taxonomy":"category","embeddable":true,"href":"https:\/\/feuerwehr-delkenheim.de\/index.php?rest_route=%2Fwp%2Fv2%2Fcategories&post=1706"},{"taxonomy":"post_tag","embeddable":true,"href":"https:\/\/feuerwehr-delkenheim.de\/index.php?rest_route=%2Fwp%2Fv2%2Ftags&post=1706"}],"curies":[{"name":"wp","href":"https:\/\/api.w.org\/{rel}","templated":true}]}}