{"id":1723,"date":"2022-08-09T03:36:00","date_gmt":"2022-08-09T01:36:00","guid":{"rendered":"https:\/\/feuerwehr-delkenheim.de\/?p=1723"},"modified":"2022-10-04T03:44:47","modified_gmt":"2022-10-04T01:44:47","slug":"wachbesetzung-mit-alarmfahrt","status":"publish","type":"post","link":"https:\/\/feuerwehr-delkenheim.de\/?p=1723","title":{"rendered":"Wachbesetzung mit Alarmfahrt"},"content":{"rendered":"\n<p>Durch ein <a rel=\"noreferrer noopener\" href=\"http:\/\/www.wiesbadenaktuell.de\/startseite\/news-detail-view\/article\/landwirtschaftliches-gelaende-und-lagerhalle-in-flammen.html\" target=\"_blank\">gr\u00f6\u00dferes Brandgeschehen in Kloppenheim<\/a> am 09. August, in welches merhere Feuerwehren und Berufsfeuerwachen eingebunden waren, wurden wir zusammen mit der Freiwilligen Feuerwehr Biebrich in Alarmbereitschaft f\u00fcr den Wachbezirk 2 versetzt.<\/p>\n\n\n\n<p>Nur 30 Minuten sp\u00e4ter kam es dann auch zu einem Alarm in Mainz-Kastel. Zu einem Kleinbrand, den normalerweise die Berufsfeuerwehr angefahren h\u00e4tte, fuhren nun die Wehren Kastel \/ Kostheim (als Alarmgruppe), sowie Delkenheim und Biebrich als Wachbereichs-Ersatz f\u00fcr die Berufsfeuerwehr.<\/p>\n\n\n\n<p>Da die Feuerwehr Kostheim hier deutlich schneller eintraf als wir und das Feuer mit einer K\u00fcbelspritze schnell l\u00f6schen k\u00f6nnte, gab es f\u00fcr uns nichts zu tun und wir fuhren unser Ger\u00e4tehaus wieder an, um die Bereitschaft bis ca 15 Uhr weiter aufrecht zu erhalten.<\/p>\n","protected":false},"excerpt":{"rendered":"<p>Durch ein gr\u00f6\u00dferes Brandgeschehen in Kloppenheim am 09. August, in welches merhere Feuerwehren und Berufsfeuerwachen eingebunden waren, wurden wir zusammen mit der Freiwilligen Feuerwehr Biebrich in Alarmbereitschaft f\u00fcr den Wachbezirk 2 versetzt. Nur 30 Minuten sp\u00e4ter kam es dann auch &hellip; <a href=\"https:\/\/feuerwehr-delkenheim.de\/?p=1723\">Weiterlesen <span class=\"meta-nav\">&rarr;<\/span><\/a><\/p>\n","protected":false},"author":1,"featured_media":0,"comment_status":"closed","ping_status":"closed","sticky":false,"template":"","format":"standard","meta":{"jetpack_post_was_ever_published":false,"_jetpack_newsletter_access":"","_jetpack_dont_email_post_to_subs":false,"_jetpack_newsletter_tier_id":0,"_jetpack_memberships_contains_paywalled_content":false,"_jetpack_memberships_contains_paid_content":false,"footnotes":""},"categories":[3],"tags":[50,72],"class_list":["post-1723","post","type-post","status-publish","format-standard","hentry","category-einsatzabteilung","tag-einsatz","tag-wachbesetzung"],"jetpack_featured_media_url":"","jetpack_sharing_enabled":true,"_links":{"self":[{"href":"https:\/\/feuerwehr-delkenheim.de\/index.php?rest_route=\/wp\/v2\/posts\/1723","targetHints":{"allow":["GET"]}}],"collection":[{"href":"https:\/\/feuerwehr-delkenheim.de\/index.php?rest_route=\/wp\/v2\/posts"}],"about":[{"href":"https:\/\/feuerwehr-delkenheim.de\/index.php?rest_route=\/wp\/v2\/types\/post"}],"author":[{"embeddable":true,"href":"https:\/\/feuerwehr-delkenheim.de\/index.php?rest_route=\/wp\/v2\/users\/1"}],"replies":[{"embeddable":true,"href":"https:\/\/feuerwehr-delkenheim.de\/index.php?rest_route=%2Fwp%2Fv2%2Fcomments&post=1723"}],"version-history":[{"count":1,"href":"https:\/\/feuerwehr-delkenheim.de\/index.php?rest_route=\/wp\/v2\/posts\/1723\/revisions"}],"predecessor-version":[{"id":1724,"href":"https:\/\/feuerwehr-delkenheim.de\/index.php?rest_route=\/wp\/v2\/posts\/1723\/revisions\/1724"}],"wp:attachment":[{"href":"https:\/\/feuerwehr-delkenheim.de\/index.php?rest_route=%2Fwp%2Fv2%2Fmedia&parent=1723"}],"wp:term":[{"taxonomy":"category","embeddable":true,"href":"https:\/\/feuerwehr-delkenheim.de\/index.php?rest_route=%2Fwp%2Fv2%2Fcategories&post=1723"},{"taxonomy":"post_tag","embeddable":true,"href":"https:\/\/feuerwehr-delkenheim.de\/index.php?rest_route=%2Fwp%2Fv2%2Ftags&post=1723"}],"curies":[{"name":"wp","href":"https:\/\/api.w.org\/{rel}","templated":true}]}}