{"id":1773,"date":"2022-11-08T21:33:34","date_gmt":"2022-11-08T19:33:34","guid":{"rendered":"https:\/\/feuerwehr-delkenheim.de\/?p=1773"},"modified":"2023-01-09T21:41:45","modified_gmt":"2023-01-09T19:41:45","slug":"verkehrsunfall-auf-der-a3-3","status":"publish","type":"post","link":"https:\/\/feuerwehr-delkenheim.de\/?p=1773","title":{"rendered":"Verkehrsunfall auf der A3"},"content":{"rendered":"\n<p>Zu einem Alarm auf die Autobahn A3 wegen eines Verkehrsunfalls mit 4 PKW in Richtung K\u00f6ln, kurz nach dem Wiesbadener Kreuz wurden wir am Abend des 8. November zusammen mit der Freiwilligen Feuerwehr Wiesbaden-Nordenstadt und der Berufsfeuerwehr alarmiert. Da an der Einsatzstelle niemand eingeklemmt war und es auch nicht zu Schwerverletzten kam, war unser Zutun hier nicht n\u00f6tig, so dass wir 20min sp\u00e4ter auch schon wieder einr\u00fccken konnten.<\/p>\n","protected":false},"excerpt":{"rendered":"<p>Zu einem Alarm auf die Autobahn A3 wegen eines Verkehrsunfalls mit 4 PKW in Richtung K\u00f6ln, kurz nach dem Wiesbadener Kreuz wurden wir am Abend des 8. November zusammen mit der Freiwilligen Feuerwehr Wiesbaden-Nordenstadt und der Berufsfeuerwehr alarmiert. Da an &hellip; <a href=\"https:\/\/feuerwehr-delkenheim.de\/?p=1773\">Weiterlesen <span class=\"meta-nav\">&rarr;<\/span><\/a><\/p>\n","protected":false},"author":1,"featured_media":0,"comment_status":"closed","ping_status":"closed","sticky":false,"template":"","format":"standard","meta":{"jetpack_post_was_ever_published":false,"_jetpack_newsletter_access":"","_jetpack_dont_email_post_to_subs":false,"_jetpack_newsletter_tier_id":0,"_jetpack_memberships_contains_paywalled_content":false,"_jetpack_memberships_contains_paid_content":false,"footnotes":""},"categories":[3],"tags":[69,50,83],"class_list":["post-1773","post","type-post","status-publish","format-standard","hentry","category-einsatzabteilung","tag-autobahn","tag-einsatz","tag-verkehrsunfall"],"jetpack_featured_media_url":"","jetpack_sharing_enabled":true,"_links":{"self":[{"href":"https:\/\/feuerwehr-delkenheim.de\/index.php?rest_route=\/wp\/v2\/posts\/1773","targetHints":{"allow":["GET"]}}],"collection":[{"href":"https:\/\/feuerwehr-delkenheim.de\/index.php?rest_route=\/wp\/v2\/posts"}],"about":[{"href":"https:\/\/feuerwehr-delkenheim.de\/index.php?rest_route=\/wp\/v2\/types\/post"}],"author":[{"embeddable":true,"href":"https:\/\/feuerwehr-delkenheim.de\/index.php?rest_route=\/wp\/v2\/users\/1"}],"replies":[{"embeddable":true,"href":"https:\/\/feuerwehr-delkenheim.de\/index.php?rest_route=%2Fwp%2Fv2%2Fcomments&post=1773"}],"version-history":[{"count":1,"href":"https:\/\/feuerwehr-delkenheim.de\/index.php?rest_route=\/wp\/v2\/posts\/1773\/revisions"}],"predecessor-version":[{"id":1774,"href":"https:\/\/feuerwehr-delkenheim.de\/index.php?rest_route=\/wp\/v2\/posts\/1773\/revisions\/1774"}],"wp:attachment":[{"href":"https:\/\/feuerwehr-delkenheim.de\/index.php?rest_route=%2Fwp%2Fv2%2Fmedia&parent=1773"}],"wp:term":[{"taxonomy":"category","embeddable":true,"href":"https:\/\/feuerwehr-delkenheim.de\/index.php?rest_route=%2Fwp%2Fv2%2Fcategories&post=1773"},{"taxonomy":"post_tag","embeddable":true,"href":"https:\/\/feuerwehr-delkenheim.de\/index.php?rest_route=%2Fwp%2Fv2%2Ftags&post=1773"}],"curies":[{"name":"wp","href":"https:\/\/api.w.org\/{rel}","templated":true}]}}