{"id":1776,"date":"2023-01-13T14:35:00","date_gmt":"2023-01-13T12:35:00","guid":{"rendered":"https:\/\/feuerwehr-delkenheim.de\/?p=1776"},"modified":"2023-01-24T12:39:02","modified_gmt":"2023-01-24T10:39:02","slug":"technischer-defekt-an-pkw","status":"publish","type":"post","link":"https:\/\/feuerwehr-delkenheim.de\/?p=1776","title":{"rendered":"Technischer Defekt an PKW"},"content":{"rendered":"\n<p>Durch einen technischen Defekt an einem PKW im L\u00e4rchenweg kam es am Mittag des 13. Januar zu einem beginnenden Brandgeschehen an einem PKW.<br>Mit der Berufsfeuerwehr Wiesbaden zusammen wurde die Brandausbreitung durch L\u00f6schma\u00dfnahmen beendet und anschlie\u00dfend das nicht mehr fahrbereite Fahrzeug mit vereinten Kr\u00e4ften zur Seite bewegt.<\/p>\n","protected":false},"excerpt":{"rendered":"<p>Durch einen technischen Defekt an einem PKW im L\u00e4rchenweg kam es am Mittag des 13. Januar zu einem beginnenden Brandgeschehen an einem PKW.Mit der Berufsfeuerwehr Wiesbaden zusammen wurde die Brandausbreitung durch L\u00f6schma\u00dfnahmen beendet und anschlie\u00dfend das nicht mehr fahrbereite Fahrzeug &hellip; <a href=\"https:\/\/feuerwehr-delkenheim.de\/?p=1776\">Weiterlesen <span class=\"meta-nav\">&rarr;<\/span><\/a><\/p>\n","protected":false},"author":1,"featured_media":0,"comment_status":"closed","ping_status":"closed","sticky":false,"template":"","format":"standard","meta":{"jetpack_post_was_ever_published":false,"_jetpack_newsletter_access":"","_jetpack_dont_email_post_to_subs":false,"_jetpack_newsletter_tier_id":0,"_jetpack_memberships_contains_paywalled_content":false,"_jetpack_memberships_contains_paid_content":false,"footnotes":""},"categories":[3],"tags":[42,50,58],"class_list":["post-1776","post","type-post","status-publish","format-standard","hentry","category-einsatzabteilung","tag-brand","tag-einsatz","tag-pkw"],"jetpack_featured_media_url":"","jetpack_sharing_enabled":true,"_links":{"self":[{"href":"https:\/\/feuerwehr-delkenheim.de\/index.php?rest_route=\/wp\/v2\/posts\/1776","targetHints":{"allow":["GET"]}}],"collection":[{"href":"https:\/\/feuerwehr-delkenheim.de\/index.php?rest_route=\/wp\/v2\/posts"}],"about":[{"href":"https:\/\/feuerwehr-delkenheim.de\/index.php?rest_route=\/wp\/v2\/types\/post"}],"author":[{"embeddable":true,"href":"https:\/\/feuerwehr-delkenheim.de\/index.php?rest_route=\/wp\/v2\/users\/1"}],"replies":[{"embeddable":true,"href":"https:\/\/feuerwehr-delkenheim.de\/index.php?rest_route=%2Fwp%2Fv2%2Fcomments&post=1776"}],"version-history":[{"count":1,"href":"https:\/\/feuerwehr-delkenheim.de\/index.php?rest_route=\/wp\/v2\/posts\/1776\/revisions"}],"predecessor-version":[{"id":1777,"href":"https:\/\/feuerwehr-delkenheim.de\/index.php?rest_route=\/wp\/v2\/posts\/1776\/revisions\/1777"}],"wp:attachment":[{"href":"https:\/\/feuerwehr-delkenheim.de\/index.php?rest_route=%2Fwp%2Fv2%2Fmedia&parent=1776"}],"wp:term":[{"taxonomy":"category","embeddable":true,"href":"https:\/\/feuerwehr-delkenheim.de\/index.php?rest_route=%2Fwp%2Fv2%2Fcategories&post=1776"},{"taxonomy":"post_tag","embeddable":true,"href":"https:\/\/feuerwehr-delkenheim.de\/index.php?rest_route=%2Fwp%2Fv2%2Ftags&post=1776"}],"curies":[{"name":"wp","href":"https:\/\/api.w.org\/{rel}","templated":true}]}}